{"id":1026,"date":"2022-08-20T14:18:42","date_gmt":"2022-08-20T17:18:42","guid":{"rendered":"https:\/\/radionewsmisiones.ar\/site\/?p=1026"},"modified":"2022-08-20T14:18:47","modified_gmt":"2022-08-20T17:18:47","slug":"sello-verde-posadas-se-posiciona-como-ciudad-sustentable","status":"publish","type":"post","link":"https:\/\/radionewsmisiones.ar\/site\/provinciales\/sello-verde-posadas-se-posiciona-como-ciudad-sustentable\/","title":{"rendered":"Sello Verde: Posadas se posiciona como Ciudad Sustentable"},"content":{"rendered":"\n<p>Este viernes, emprendimientos y peque\u00f1as empresas locales fueron distinguidas con el Sello Verde por sus buenas pr\u00e1cticas en la gesti\u00f3n de pr\u00e1cticas sustentables, enmarcados en la iniciativa de la Red de Econom\u00eda Circular que premia las pr\u00e1cticas exitosas y amigables con el medioambiente en oficinas y entornos de trabajo.<\/p>\n\n\n\n<figure class=\"wp-block-image size-large\"><img loading=\"lazy\" width=\"1024\" height=\"682\" src=\"https:\/\/radionewsmisiones.ar\/site\/wp-content\/uploads\/2022\/08\/WhatsApp-Image-2022-08-19-at-15.43.29-1024x682.jpeg\" alt=\"\" class=\"wp-image-1027\" srcset=\"https:\/\/radionewsmisiones.ar\/site\/wp-content\/uploads\/2022\/08\/WhatsApp-Image-2022-08-19-at-15.43.29-1024x682.jpeg 1024w, https:\/\/radionewsmisiones.ar\/site\/wp-content\/uploads\/2022\/08\/WhatsApp-Image-2022-08-19-at-15.43.29-300x200.jpeg 300w, https:\/\/radionewsmisiones.ar\/site\/wp-content\/uploads\/2022\/08\/WhatsApp-Image-2022-08-19-at-15.43.29-768x512.jpeg 768w, https:\/\/radionewsmisiones.ar\/site\/wp-content\/uploads\/2022\/08\/WhatsApp-Image-2022-08-19-at-15.43.29.jpeg 1280w\" sizes=\"(max-width: 1024px) 100vw, 1024px\" \/><\/figure>\n\n\n\n<p>El Sal\u00f3n de Usos M\u00faltiples del 5to piso de la Municipalidad fue el epicentro de las diferentes iniciativas que promueven el desarrollo de modelos de la econom\u00eda circular. Durante el encuentro se destac\u00f3 que, en la actualidad, la capital misionera cuenta con 14 emprendimientos y empresas geolocalizados en el mapa oficial de la Red de Empleos Verdes Locales de Argentina, de los cuales 5 ya han accedido a Sellos de Reconocimiento de Nivel 2.<\/p>\n\n\n\n<p>El secretario de Desarrollo Econ\u00f3mico de Posadas, Claudio Aguilar subray\u00f3 que \u201cla actual gesti\u00f3n tiene un compromiso muy fuerte en inculcar el desarrollo econ\u00f3mico en el cuidado ambiental, ya que tenemos que ser conscientes acerca de la materia prima que usamos. Forma parte de las pol\u00edticas p\u00fablicas que llevamos adelante\u201d.<\/p>\n\n\n\n<p>Por su parte, el director ejecutivo de la RAMCC (Red Argentina de Municipios frente al Cambio Clim\u00e1tico), Ricardo Bertolino se mostr\u00f3 sorprendido por el trabajo que se realiza en Posadas. \u201cTienen una ciudad incre\u00edble por el uso de las ciclov\u00edas, las bicisendas, los contenedores, el uso de los paneles solares\u201d, expres\u00f3. En tal sentido, asegur\u00f3 que \u201cen el lugar donde realizan el tratamiento de residuos, no vi ni una sola mosca, mientras que en otros puntos del pa\u00eds pasa exactamente lo contrario\u201d.<\/p>\n\n\n\n<p>A trav\u00e9s de la Direcci\u00f3n de Desarrollo Regional en conjunto con el Centro Verde Municipal, llevan adelante la tarea de reconocer, acompa\u00f1ar y orientar a los emprendedores y empresas que desean o est\u00e1n interesados en participar de este Proyecto de alcance nacional.<\/p>\n\n\n\n<p>Acompa\u00f1aron la presentaci\u00f3n, la directora de Cambio Clim\u00e1tico, Laura Guerrero; el director de Desarrollo Regional, Mart\u00edn Echenique; la presidente de la Comisi\u00f3n de Medio Ambiente y Desarrollo Sustentable; dem\u00e1s autoridades e integrantes de distintos emprendimientos.<\/p>\n\n\n\n<p>\u00bfQu\u00e9 beneficios tiene el emprendedor?: El emprendedor o la empresa, que logra formar parte del proyecto al cumplir con las condiciones de sostenibilidad, consigue una bater\u00eda de beneficios aplicables a su desarrollo. Accede a un acompa\u00f1amiento que alinea sus objetivos y crecimiento con agendas internacionales de desarrollo sostenible y recuperaci\u00f3n verde, esto a su vez le permite acceder a diversos recursos t\u00e9cnicos, econ\u00f3micos y estrat\u00e9gicos. Asimismo, logra acceder a circuitos de formaci\u00f3n en todos los \u00e1mbitos que componen su establecimiento, desarrollo de capacidades para personal humano, y de las herramientas de gesti\u00f3n administrativas necesarias para aprovechar el potencial de las futuras econom\u00edas bajas en carbono, consigue acompa\u00f1amiento en acciones concretas en territorio. C\u00f3mo tambi\u00e9n podr\u00e1 entablar alianzas con actores del sector p\u00fablico, del \u00e1mbito privado y de la sociedad civil, a nivel nacional e internacional para potenciar su escalabilidad, consistencia, e impacto ambiental y social.<\/p>\n\n\n\n<p>C\u00f3mo sumarse: Desde el Municipio se otorga asistencia t\u00e9cnica gratuita a empresas productivas o de servicios. Para mayor informaci\u00f3n, los interesados deber\u00e1n comunicarse al correo electr\u00f3nico sec_desarrollo@posadas.gov.ar.<\/p>\n","protected":false},"excerpt":{"rendered":"<p>Este viernes, emprendimientos y peque&ntilde;as empresas locales fueron distinguidas con el Sello Verde por sus buenas pr&aacute;cticas en la gesti&oacute;n de pr&aacute;cticas sustentables, enmarcados en la iniciativa de la Red&hellip; <\/p>\n","protected":false},"author":3,"featured_media":1028,"comment_status":"closed","ping_status":"open","sticky":false,"template":"","format":"standard","meta":{"_monsterinsights_skip_tracking":false,"_monsterinsights_sitenote_active":false,"_monsterinsights_sitenote_note":"","_monsterinsights_sitenote_category":0},"categories":[3],"tags":[22],"aioseo_notices":[],"_links":{"self":[{"href":"https:\/\/radionewsmisiones.ar\/site\/wp-json\/wp\/v2\/posts\/1026"}],"collection":[{"href":"https:\/\/radionewsmisiones.ar\/site\/wp-json\/wp\/v2\/posts"}],"about":[{"href":"https:\/\/radionewsmisiones.ar\/site\/wp-json\/wp\/v2\/types\/post"}],"author":[{"embeddable":true,"href":"https:\/\/radionewsmisiones.ar\/site\/wp-json\/wp\/v2\/users\/3"}],"replies":[{"embeddable":true,"href":"https:\/\/radionewsmisiones.ar\/site\/wp-json\/wp\/v2\/comments?post=1026"}],"version-history":[{"count":1,"href":"https:\/\/radionewsmisiones.ar\/site\/wp-json\/wp\/v2\/posts\/1026\/revisions"}],"predecessor-version":[{"id":1029,"href":"https:\/\/radionewsmisiones.ar\/site\/wp-json\/wp\/v2\/posts\/1026\/revisions\/1029"}],"wp:featuredmedia":[{"embeddable":true,"href":"https:\/\/radionewsmisiones.ar\/site\/wp-json\/wp\/v2\/media\/1028"}],"wp:attachment":[{"href":"https:\/\/radionewsmisiones.ar\/site\/wp-json\/wp\/v2\/media?parent=1026"}],"wp:term":[{"taxonomy":"category","embeddable":true,"href":"https:\/\/radionewsmisiones.ar\/site\/wp-json\/wp\/v2\/categories?post=1026"},{"taxonomy":"post_tag","embeddable":true,"href":"https:\/\/radionewsmisiones.ar\/site\/wp-json\/wp\/v2\/tags?post=1026"}],"curies":[{"name":"wp","href":"https:\/\/api.w.org\/{rel}","templated":true}]}}