{"id":1030,"date":"2022-08-20T14:23:59","date_gmt":"2022-08-20T17:23:59","guid":{"rendered":"https:\/\/radionewsmisiones.ar\/site\/?p=1030"},"modified":"2022-08-20T14:24:04","modified_gmt":"2022-08-20T17:24:04","slug":"nueva-etapa-de-la-ley-de-etiquetado-frontal-que-se-vera-en-las-gondolas-y-desde-cuando","status":"publish","type":"post","link":"https:\/\/radionewsmisiones.ar\/site\/nacionales\/nueva-etapa-de-la-ley-de-etiquetado-frontal-que-se-vera-en-las-gondolas-y-desde-cuando\/","title":{"rendered":"Nueva etapa de la Ley de Etiquetado Frontal: \u00bfqu\u00e9 se ver\u00e1 en las g\u00f3ndolas y desde cu\u00e1ndo?"},"content":{"rendered":"\n<p>Para las grandes empresas, el 20 de julio venci\u00f3 el pedido de pr\u00f3rroga que se pod\u00eda solicitar por \u00fanica vez por\u00a0180 d\u00edas\u00a0y este s\u00e1bado las firmas que no fueron autorizadas o no la solicitaron ya deben elaborar sus productos con los sellos.\u00a0Para mayo de 2023, todos los productos deber\u00e1n tener los sellos\u00a0en el caso de que corresponda.<\/p>\n\n\n\n<p>Para las peque\u00f1as y medianas empresas, el plazo para pedir pr\u00f3rroga vence el\u00a020 de enero de 2023. Un mes despu\u00e9s deber\u00e1n tener los sellos aquellos productos que no hayan recibido o pedido pr\u00f3rroga y el\u00a020 noviembre de 2023\u00a0todos sus productos tienen que presentar los sellos en caso que corresponda.<\/p>\n\n\n\n<p>Es decir que antes de fin del a\u00f1o pr\u00f3ximo las g\u00f3ndolas deber\u00edan tener\u00a0todos los productos con sello, a excepci\u00f3n de los\u00a0envases retornables de vidrio\u00a0que tendr\u00e1n plazo hasta mayo de 2024.<\/p>\n\n\n\n<figure class=\"wp-block-embed is-type-rich is-provider-twitter wp-block-embed-twitter\"><div class=\"wp-block-embed__wrapper\">\n<blockquote class=\"twitter-tweet\" data-width=\"550\" data-dnt=\"true\"><p lang=\"es\" dir=\"ltr\">\ud83e\udd14 \u00bfYa sab\u00e9s c\u00f3mo se va a implementar el etiquetado frontal?<br><br>\ud83d\udccc A partir del s\u00e1bado 20 de agosto vas a empezar a ver los sellos y las leyendas precautorias en algunos productos. <br><br>\u00a1Mir\u00e1 el video que te lo explicamos en un toque!<a href=\"https:\/\/t.co\/ugYZpGzqxx\">https:\/\/t.co\/ugYZpGzqxx<\/a> <a href=\"https:\/\/t.co\/DbubQJh7PQ\">pic.twitter.com\/DbubQJh7PQ<\/a><\/p>&mdash; Ministerio de Salud de la Naci\u00f3n (@msalnacion) <a href=\"https:\/\/twitter.com\/msalnacion\/status\/1560976575507697665?ref_src=twsrc%5Etfw\">August 20, 2022<\/a><\/blockquote><script async src=\"https:\/\/platform.twitter.com\/widgets.js\" charset=\"utf-8\"><\/script>\n<\/div><\/figure>\n","protected":false},"excerpt":{"rendered":"<p>Para las grandes empresas, el 20 de julio venci&oacute; el pedido de pr&oacute;rroga que se pod&iacute;a solicitar por &uacute;nica vez por&nbsp;180 d&iacute;as&nbsp;y este s&aacute;bado las firmas que no fueron autorizadas&hellip; <\/p>\n","protected":false},"author":3,"featured_media":1031,"comment_status":"closed","ping_status":"open","sticky":false,"template":"","format":"standard","meta":{"_monsterinsights_skip_tracking":false,"_monsterinsights_sitenote_active":false,"_monsterinsights_sitenote_note":"","_monsterinsights_sitenote_category":0},"categories":[4],"tags":[],"aioseo_notices":[],"_links":{"self":[{"href":"https:\/\/radionewsmisiones.ar\/site\/wp-json\/wp\/v2\/posts\/1030"}],"collection":[{"href":"https:\/\/radionewsmisiones.ar\/site\/wp-json\/wp\/v2\/posts"}],"about":[{"href":"https:\/\/radionewsmisiones.ar\/site\/wp-json\/wp\/v2\/types\/post"}],"author":[{"embeddable":true,"href":"https:\/\/radionewsmisiones.ar\/site\/wp-json\/wp\/v2\/users\/3"}],"replies":[{"embeddable":true,"href":"https:\/\/radionewsmisiones.ar\/site\/wp-json\/wp\/v2\/comments?post=1030"}],"version-history":[{"count":1,"href":"https:\/\/radionewsmisiones.ar\/site\/wp-json\/wp\/v2\/posts\/1030\/revisions"}],"predecessor-version":[{"id":1032,"href":"https:\/\/radionewsmisiones.ar\/site\/wp-json\/wp\/v2\/posts\/1030\/revisions\/1032"}],"wp:featuredmedia":[{"embeddable":true,"href":"https:\/\/radionewsmisiones.ar\/site\/wp-json\/wp\/v2\/media\/1031"}],"wp:attachment":[{"href":"https:\/\/radionewsmisiones.ar\/site\/wp-json\/wp\/v2\/media?parent=1030"}],"wp:term":[{"taxonomy":"category","embeddable":true,"href":"https:\/\/radionewsmisiones.ar\/site\/wp-json\/wp\/v2\/categories?post=1030"},{"taxonomy":"post_tag","embeddable":true,"href":"https:\/\/radionewsmisiones.ar\/site\/wp-json\/wp\/v2\/tags?post=1030"}],"curies":[{"name":"wp","href":"https:\/\/api.w.org\/{rel}","templated":true}]}}