{"id":1033,"date":"2022-08-20T14:26:24","date_gmt":"2022-08-20T17:26:24","guid":{"rendered":"https:\/\/radionewsmisiones.ar\/site\/?p=1033"},"modified":"2022-08-20T14:26:28","modified_gmt":"2022-08-20T17:26:28","slug":"paritarias-comercio-acordo-adelantar-para-agosto-el-105-previsto-para-enero-2023","status":"publish","type":"post","link":"https:\/\/radionewsmisiones.ar\/site\/nacionales\/paritarias-comercio-acordo-adelantar-para-agosto-el-105-previsto-para-enero-2023\/","title":{"rendered":"Paritarias: Comercio acord\u00f3 adelantar para agosto el 10,5% previsto para enero 2023"},"content":{"rendered":"\n<p>El\u00a0sindicato de Comercio\u00a0acord\u00f3 con las c\u00e1maras empresarias adelantar para agosto el 10,5% de aumento que estaba previsto para enero 2023 y sum\u00e1rselo al 10% ya acordado en la paritaria cerrada este a\u00f1o, por lo que el trabajador percibir\u00e1 un incremento del 20,5%.<\/p>\n\n\n\n<figure class=\"wp-block-image size-full\"><img loading=\"lazy\" width=\"730\" height=\"410\" src=\"https:\/\/radionewsmisiones.ar\/site\/wp-content\/uploads\/2022\/08\/comercio.jpg\" alt=\"\" class=\"wp-image-1034\" srcset=\"https:\/\/radionewsmisiones.ar\/site\/wp-content\/uploads\/2022\/08\/comercio.jpg 730w, https:\/\/radionewsmisiones.ar\/site\/wp-content\/uploads\/2022\/08\/comercio-300x168.jpg 300w\" sizes=\"(max-width: 730px) 100vw, 730px\" \/><\/figure>\n\n\n\n<p>Con estos porcentajes acordados en la reuni\u00f3n de esta jornada,\u00a0un trabajador del gremio percibir\u00e1 a fin de a\u00f1o un salario b\u00e1sico de $139.000.<\/p>\n\n\n\n<p>La firma del convenio se llev\u00f3 a cabo en el Ministerio de Trabajo, Empleo y Seguridad Social, y, adem\u00e1s del sindicalista, cont\u00f3 con las de los representantes de la\u00a0Federaci\u00f3n Argentina de Empleados de Comercio y Servicios (FAECYS), acord\u00f3 junto a la\u00a0C\u00e1mara Argentina de Comercio (CAC), la\u00a0Confederaci\u00f3n de la Mediana Empresa (CAME)\u00a0y la\u00a0Uni\u00f3n de Entidades Comerciales (Udeca),<\/p>\n\n\n\n<p>\u201cLogramos adelantar un tramo de la paritaria previsto para enero contemplando el impacto de la aceleraci\u00f3n de los precios, tal como lo hicimos en abril pasado luego de los incrementos de los primeros meses del a\u00f1o\u201d, expres\u00f3 Cavalieri.<\/p>\n\n\n\n<p>En el mismo sentido el titular de Comercio adelant\u00f3: \u00abVamos a abrir una nueva revisi\u00f3n en enero para que trabajadores no pierdan poder adquisitivo e ir acompa\u00f1ando la evoluci\u00f3n de los precios\u201d.<\/p>\n","protected":false},"excerpt":{"rendered":"<p>El&nbsp;sindicato de Comercio&nbsp;acord&oacute; con las c&aacute;maras empresarias adelantar para agosto el 10,5% de aumento que estaba previsto para enero 2023 y sum&aacute;rselo al 10% ya acordado en la paritaria cerrada&hellip; <\/p>\n","protected":false},"author":3,"featured_media":1034,"comment_status":"closed","ping_status":"open","sticky":false,"template":"","format":"standard","meta":{"_monsterinsights_skip_tracking":false,"_monsterinsights_sitenote_active":false,"_monsterinsights_sitenote_note":"","_monsterinsights_sitenote_category":0},"categories":[4],"tags":[],"aioseo_notices":[],"_links":{"self":[{"href":"https:\/\/radionewsmisiones.ar\/site\/wp-json\/wp\/v2\/posts\/1033"}],"collection":[{"href":"https:\/\/radionewsmisiones.ar\/site\/wp-json\/wp\/v2\/posts"}],"about":[{"href":"https:\/\/radionewsmisiones.ar\/site\/wp-json\/wp\/v2\/types\/post"}],"author":[{"embeddable":true,"href":"https:\/\/radionewsmisiones.ar\/site\/wp-json\/wp\/v2\/users\/3"}],"replies":[{"embeddable":true,"href":"https:\/\/radionewsmisiones.ar\/site\/wp-json\/wp\/v2\/comments?post=1033"}],"version-history":[{"count":1,"href":"https:\/\/radionewsmisiones.ar\/site\/wp-json\/wp\/v2\/posts\/1033\/revisions"}],"predecessor-version":[{"id":1035,"href":"https:\/\/radionewsmisiones.ar\/site\/wp-json\/wp\/v2\/posts\/1033\/revisions\/1035"}],"wp:featuredmedia":[{"embeddable":true,"href":"https:\/\/radionewsmisiones.ar\/site\/wp-json\/wp\/v2\/media\/1034"}],"wp:attachment":[{"href":"https:\/\/radionewsmisiones.ar\/site\/wp-json\/wp\/v2\/media?parent=1033"}],"wp:term":[{"taxonomy":"category","embeddable":true,"href":"https:\/\/radionewsmisiones.ar\/site\/wp-json\/wp\/v2\/categories?post=1033"},{"taxonomy":"post_tag","embeddable":true,"href":"https:\/\/radionewsmisiones.ar\/site\/wp-json\/wp\/v2\/tags?post=1033"}],"curies":[{"name":"wp","href":"https:\/\/api.w.org\/{rel}","templated":true}]}}