{"id":1045,"date":"2022-08-21T18:32:42","date_gmt":"2022-08-21T21:32:42","guid":{"rendered":"https:\/\/radionewsmisiones.ar\/site\/?p=1045"},"modified":"2022-08-21T18:32:46","modified_gmt":"2022-08-21T21:32:46","slug":"hubo-24-659-contagios-de-coronavirus-en-el-pais-un-21-menos-que-la-semana-pasada","status":"publish","type":"post","link":"https:\/\/radionewsmisiones.ar\/site\/nacionales\/hubo-24-659-contagios-de-coronavirus-en-el-pais-un-21-menos-que-la-semana-pasada\/","title":{"rendered":"Hubo 24.659 contagios de coronavirus en el pa\u00eds, un 21% menos que la semana pasada"},"content":{"rendered":"\n<p>La cartera sanitaria indic\u00f3 que son 417 los internados con Covid-19 en unidades de terapia intensiva, con un porcentaje de ocupaci\u00f3n de camas de adultos en el sector p\u00fablico y privado, para todas las patolog\u00edas, de 41% en el pa\u00eds.<\/p>\n\n\n\n<figure class=\"wp-block-image size-full\"><img loading=\"lazy\" width=\"900\" height=\"507\" src=\"https:\/\/radionewsmisiones.ar\/site\/wp-content\/uploads\/2022\/08\/testeo.jpg\" alt=\"\" class=\"wp-image-1046\" srcset=\"https:\/\/radionewsmisiones.ar\/site\/wp-content\/uploads\/2022\/08\/testeo.jpg 900w, https:\/\/radionewsmisiones.ar\/site\/wp-content\/uploads\/2022\/08\/testeo-300x169.jpg 300w, https:\/\/radionewsmisiones.ar\/site\/wp-content\/uploads\/2022\/08\/testeo-768x433.jpg 768w\" sizes=\"(max-width: 900px) 100vw, 900px\" \/><\/figure>\n\n\n\n<p>El Ministerio de Salud report\u00f3 este domingo\u00a080 muertes por coronavirus y 24.659 contagios en la \u00faltima semana\u00a0en la Argentina, lo que representa un 21% menos de casos que el domingo pasado (31.198).<\/p>\n\n\n\n<p>De acuerdo a los datos difundidos,\u00a0la cantidad de muertes disminuy\u00f3 36% en relaci\u00f3n a la semana pasada\u00a0cuando se hab\u00edan informado 126 fallecimientos.<\/p>\n\n\n\n<p>De esta manera, suman 129.646 los fallecidos registrados oficialmente a nivel nacional y 9.658.391 los contagiados desde el inicio de la pandemia.<\/p>\n","protected":false},"excerpt":{"rendered":"<p>La cartera sanitaria indic&oacute; que son 417 los internados con Covid-19 en unidades de terapia intensiva, con un porcentaje de ocupaci&oacute;n de camas de adultos en el sector p&uacute;blico y&hellip; <\/p>\n","protected":false},"author":3,"featured_media":1046,"comment_status":"closed","ping_status":"open","sticky":false,"template":"","format":"standard","meta":{"_monsterinsights_skip_tracking":false,"_monsterinsights_sitenote_active":false,"_monsterinsights_sitenote_note":"","_monsterinsights_sitenote_category":0},"categories":[4],"tags":[],"aioseo_notices":[],"_links":{"self":[{"href":"https:\/\/radionewsmisiones.ar\/site\/wp-json\/wp\/v2\/posts\/1045"}],"collection":[{"href":"https:\/\/radionewsmisiones.ar\/site\/wp-json\/wp\/v2\/posts"}],"about":[{"href":"https:\/\/radionewsmisiones.ar\/site\/wp-json\/wp\/v2\/types\/post"}],"author":[{"embeddable":true,"href":"https:\/\/radionewsmisiones.ar\/site\/wp-json\/wp\/v2\/users\/3"}],"replies":[{"embeddable":true,"href":"https:\/\/radionewsmisiones.ar\/site\/wp-json\/wp\/v2\/comments?post=1045"}],"version-history":[{"count":1,"href":"https:\/\/radionewsmisiones.ar\/site\/wp-json\/wp\/v2\/posts\/1045\/revisions"}],"predecessor-version":[{"id":1047,"href":"https:\/\/radionewsmisiones.ar\/site\/wp-json\/wp\/v2\/posts\/1045\/revisions\/1047"}],"wp:featuredmedia":[{"embeddable":true,"href":"https:\/\/radionewsmisiones.ar\/site\/wp-json\/wp\/v2\/media\/1046"}],"wp:attachment":[{"href":"https:\/\/radionewsmisiones.ar\/site\/wp-json\/wp\/v2\/media?parent=1045"}],"wp:term":[{"taxonomy":"category","embeddable":true,"href":"https:\/\/radionewsmisiones.ar\/site\/wp-json\/wp\/v2\/categories?post=1045"},{"taxonomy":"post_tag","embeddable":true,"href":"https:\/\/radionewsmisiones.ar\/site\/wp-json\/wp\/v2\/tags?post=1045"}],"curies":[{"name":"wp","href":"https:\/\/api.w.org\/{rel}","templated":true}]}}