{"id":1052,"date":"2022-08-22T22:20:54","date_gmt":"2022-08-23T01:20:54","guid":{"rendered":"https:\/\/radionewsmisiones.ar\/site\/?p=1052"},"modified":"2022-08-22T22:20:57","modified_gmt":"2022-08-23T01:20:57","slug":"acceso-sur-posadas-cambia-la-prioridad-de-paso-en-la-rotonda-de-la-av-tierra-del-fuego","status":"publish","type":"post","link":"https:\/\/radionewsmisiones.ar\/site\/provinciales\/acceso-sur-posadas-cambia-la-prioridad-de-paso-en-la-rotonda-de-la-av-tierra-del-fuego\/","title":{"rendered":"Acceso sur Posadas: Cambia la prioridad de paso en la rotonda de la Av. Tierra del Fuego"},"content":{"rendered":"\n<p><em>Vialidad Nacional modifica la prioridad de paso para ordenar la circulaci\u00f3n de veh\u00edculos y mejorar la seguridad vial sobre el acceso&nbsp;<\/em><\/p>\n\n\n\n<p><strong>Posadas.\u00a0<\/strong>El Ministerio de Obras P\u00fablicas, a trav\u00e9s de Vialidad Nacional, informa que a partir del pr\u00f3ximo 29 de agosto se modificar\u00e1 la prioridad de paso sobre la rotonda ubicada en la intersecci\u00f3n del Acceso Sur de Posadas y la Av. Costanera, cercana a la Av. Tierra del Fuego.<\/p>\n\n\n\n<figure class=\"wp-block-image size-large\"><img loading=\"lazy\" width=\"1024\" height=\"576\" src=\"https:\/\/radionewsmisiones.ar\/site\/wp-content\/uploads\/2022\/08\/INFOGRAFIA-ROTONDA-ACCESO-SUR-1024x576.jpeg\" alt=\"\" class=\"wp-image-1053\" srcset=\"https:\/\/radionewsmisiones.ar\/site\/wp-content\/uploads\/2022\/08\/INFOGRAFIA-ROTONDA-ACCESO-SUR-1024x576.jpeg 1024w, https:\/\/radionewsmisiones.ar\/site\/wp-content\/uploads\/2022\/08\/INFOGRAFIA-ROTONDA-ACCESO-SUR-300x169.jpeg 300w, https:\/\/radionewsmisiones.ar\/site\/wp-content\/uploads\/2022\/08\/INFOGRAFIA-ROTONDA-ACCESO-SUR-768x432.jpeg 768w, https:\/\/radionewsmisiones.ar\/site\/wp-content\/uploads\/2022\/08\/INFOGRAFIA-ROTONDA-ACCESO-SUR.jpeg 1280w\" sizes=\"(max-width: 1024px) 100vw, 1024px\" \/><\/figure>\n\n\n\n<p>Desde la fecha indicada la prioridad de paso la tendr\u00e1n los veh\u00edculos que circulen dentro de la rotonda, debiendo esperar paso quienes circulen por el acceso. Estos cambios responden a la din\u00e1mica que se generaba en el lugar en horarios picos y fines de semana, cuando el aumento del caudal de veh\u00edculos dificultaba la normal circulaci\u00f3n, generando conflictos y demoras.<\/p>\n\n\n\n<p>Vialidad Nacional finaliz\u00f3 los trabajos de se\u00f1alamiento vertical y resta concluir la demarcaci\u00f3n horizontal que indicar\u00e1 a los usuarios la correcta forma de circulaci\u00f3n.<\/p>\n\n\n\n<p>El Jefe del 15\u00b0 Distrito Misiones, Ing. Rodolfo Handrujovicz inform\u00f3 que \u201cestos cambios responden a la necesidad de ordenar la circulaci\u00f3n en una zona conflictiva del acceso. Esperamos que con estas modificaciones la circulaci\u00f3n sea m\u00e1s armoniosa y mejoren las condiciones de seguridad vial.\u201d. Adem\u00e1s, recalc\u00f3 \u201cpero para eso es fundamental el respeto de los usuarios a la nueva modalidad que estar\u00e1 indicada en el se\u00f1alamiento vertical y horizontal.\u201d.<\/p>\n\n\n\n<p>Se solicita a los usuarios respetar las velocidades indicadas en carteler\u00eda y circular con precauci\u00f3n por la zona, por la que circulan alrededor de 22.000 veh\u00edculos por d\u00eda.<\/p>\n","protected":false},"excerpt":{"rendered":"<p>Vialidad Nacional modifica la prioridad de paso para ordenar la circulaci&oacute;n de veh&iacute;culos y mejorar la seguridad vial sobre el acceso&nbsp; Posadas.&nbsp;El Ministerio de Obras P&uacute;blicas, a trav&eacute;s de Vialidad&hellip; <\/p>\n","protected":false},"author":3,"featured_media":1053,"comment_status":"closed","ping_status":"open","sticky":false,"template":"","format":"standard","meta":{"_monsterinsights_skip_tracking":false,"_monsterinsights_sitenote_active":false,"_monsterinsights_sitenote_note":"","_monsterinsights_sitenote_category":0},"categories":[3],"tags":[],"aioseo_notices":[],"_links":{"self":[{"href":"https:\/\/radionewsmisiones.ar\/site\/wp-json\/wp\/v2\/posts\/1052"}],"collection":[{"href":"https:\/\/radionewsmisiones.ar\/site\/wp-json\/wp\/v2\/posts"}],"about":[{"href":"https:\/\/radionewsmisiones.ar\/site\/wp-json\/wp\/v2\/types\/post"}],"author":[{"embeddable":true,"href":"https:\/\/radionewsmisiones.ar\/site\/wp-json\/wp\/v2\/users\/3"}],"replies":[{"embeddable":true,"href":"https:\/\/radionewsmisiones.ar\/site\/wp-json\/wp\/v2\/comments?post=1052"}],"version-history":[{"count":1,"href":"https:\/\/radionewsmisiones.ar\/site\/wp-json\/wp\/v2\/posts\/1052\/revisions"}],"predecessor-version":[{"id":1054,"href":"https:\/\/radionewsmisiones.ar\/site\/wp-json\/wp\/v2\/posts\/1052\/revisions\/1054"}],"wp:featuredmedia":[{"embeddable":true,"href":"https:\/\/radionewsmisiones.ar\/site\/wp-json\/wp\/v2\/media\/1053"}],"wp:attachment":[{"href":"https:\/\/radionewsmisiones.ar\/site\/wp-json\/wp\/v2\/media?parent=1052"}],"wp:term":[{"taxonomy":"category","embeddable":true,"href":"https:\/\/radionewsmisiones.ar\/site\/wp-json\/wp\/v2\/categories?post=1052"},{"taxonomy":"post_tag","embeddable":true,"href":"https:\/\/radionewsmisiones.ar\/site\/wp-json\/wp\/v2\/tags?post=1052"}],"curies":[{"name":"wp","href":"https:\/\/api.w.org\/{rel}","templated":true}]}}