{"id":1055,"date":"2022-08-22T22:22:20","date_gmt":"2022-08-23T01:22:20","guid":{"rendered":"https:\/\/radionewsmisiones.ar\/site\/?p=1055"},"modified":"2022-08-22T22:22:24","modified_gmt":"2022-08-23T01:22:24","slug":"escuelas-tecnicas-misioneras-fortalecen-sus-entornos-formativos","status":"publish","type":"post","link":"https:\/\/radionewsmisiones.ar\/site\/provinciales\/escuelas-tecnicas-misioneras-fortalecen-sus-entornos-formativos\/","title":{"rendered":"Escuelas t\u00e9cnicas misioneras fortalecen sus entornos formativos"},"content":{"rendered":"\n<p>En pos de formar a j\u00f3venes y adultos para que puedan integrarse a la matriz productiva misionera, la Subsecretar\u00eda de Educaci\u00f3n T\u00e9cnico Profesional (ETP) lleva adelante la gesti\u00f3n para fortalecer los entornos formativos de la totalidad de instituciones de la modalidad. Es as\u00ed que se estar\u00e1 invirtiendo m\u00e1s de 217 millones en la compra de herramientas, que ya comenzaron a llegar, as\u00ed como m\u00e1s de 100 millones para reparaciones edilicias y compra de insumos. Tambi\u00e9n se lleva adelante el proceso de licitaci\u00f3n para la construcci\u00f3n de edificios para otras 7 instituciones t\u00e9cnicas.<\/p>\n\n\n\n<figure class=\"wp-block-image size-large\"><img loading=\"lazy\" width=\"1024\" height=\"576\" src=\"https:\/\/radionewsmisiones.ar\/site\/wp-content\/uploads\/2022\/08\/2-1-1-1024x576.jpeg\" alt=\"\" class=\"wp-image-1056\" srcset=\"https:\/\/radionewsmisiones.ar\/site\/wp-content\/uploads\/2022\/08\/2-1-1-1024x576.jpeg 1024w, https:\/\/radionewsmisiones.ar\/site\/wp-content\/uploads\/2022\/08\/2-1-1-300x169.jpeg 300w, https:\/\/radionewsmisiones.ar\/site\/wp-content\/uploads\/2022\/08\/2-1-1-768x432.jpeg 768w, https:\/\/radionewsmisiones.ar\/site\/wp-content\/uploads\/2022\/08\/2-1-1.jpeg 1280w\" sizes=\"(max-width: 1024px) 100vw, 1024px\" \/><\/figure>\n\n\n\n<p>Los procesos de aprendizaje t\u00e9cnico exigen contar con instancias formativas te\u00f3ricas y, fundamentalmente, su correlativo en la pr\u00e1ctica. M\u00e1s a\u00fan cuando los avances tecnol\u00f3gicos empujan a la actualizaci\u00f3n constante de conocimientos. Todo ello es posible con una gesti\u00f3n adecuada de los recursos como as\u00ed tambi\u00e9n la planificaci\u00f3n estrat\u00e9gica de d\u00f3nde volcarlos.<\/p>\n\n\n\n<p>La subsecretar\u00eda de ETP cuenta con fondos que llegan del Instituto Nacional de Educaci\u00f3n Tecnol\u00f3gica (INET) a partir de las necesidades que la provincia plantea, con su consecuente ejecuci\u00f3n y rendici\u00f3n. Otra pieza fundamental es el trabajo de los directores de cada instituci\u00f3n, con sus equipos docentes, que son quienes arman los proyectos y ponen su compromiso en la ejecuci\u00f3n de las partidas.<\/p>\n\n\n\n<p>La inversi\u00f3n de la modalidad va para la compra de herramientas para talleres, laboratorios, corrales, centros de investigaci\u00f3n entre otros entornos formativos. A ello se suman los arreglos edilicios de las instituciones escolares como techos, paredes, tanques, sistemas el\u00e9ctricos entre otras necesidades concretas que surgen.<\/p>\n\n\n\n<p>Otro de los lugares que requiere de mucha inversi\u00f3n son los albergues estudiantiles que funcionan en los Institutos de Ense\u00f1anza Agropecuaria (IEA) donde se llevaron adelante reacondicionamientos y compra de materiales por m\u00e1s de 36 millones.<\/p>\n\n\n\n<p>A las inversiones del Estado se suman los aportes privados de las diferentes empresas que tienen asiento en la provincia que, a trav\u00e9s del programa Cr\u00e9dito Fiscal, ha colaborado al sostenimiento de la inversi\u00f3n en la educaci\u00f3n t\u00e9cnica. As\u00ed se lograron alcanzar m\u00e1s de 100 millones de pesos.<\/p>\n\n\n\n<p><em>LICITACIONES EN CURSO<\/em><\/p>\n\n\n\n<p>Con la visita del ministro de Educaci\u00f3n de la Naci\u00f3n, Jaime Perczyk, se firmaron los convenios para la construcci\u00f3n de los nuevos edificios de la EPET 53, de Colonia Alberdi, la EPET 29 de 9 de Julio y la EPET 41 que est\u00e1 ubicada en Panamb\u00ed. Ello sumado a otras cuatro licitaciones que se encuentran en curso.<\/p>\n\n\n\n<p>De esta manera se aseguran soluciones a las demandas concretas de la Educaci\u00f3n T\u00e9cnico Profesional para la \u00f3ptima formaci\u00f3n de los estudiantes que pasan por sus entornos formativos.<\/p>\n","protected":false},"excerpt":{"rendered":"<p>En pos de formar a j&oacute;venes y adultos para que puedan integrarse a la matriz productiva misionera, la Subsecretar&iacute;a de Educaci&oacute;n T&eacute;cnico Profesional (ETP) lleva adelante la gesti&oacute;n para fortalecer&hellip; <\/p>\n","protected":false},"author":3,"featured_media":1057,"comment_status":"closed","ping_status":"open","sticky":false,"template":"","format":"standard","meta":{"_monsterinsights_skip_tracking":false,"_monsterinsights_sitenote_active":false,"_monsterinsights_sitenote_note":"","_monsterinsights_sitenote_category":0},"categories":[3],"tags":[26],"aioseo_notices":[],"_links":{"self":[{"href":"https:\/\/radionewsmisiones.ar\/site\/wp-json\/wp\/v2\/posts\/1055"}],"collection":[{"href":"https:\/\/radionewsmisiones.ar\/site\/wp-json\/wp\/v2\/posts"}],"about":[{"href":"https:\/\/radionewsmisiones.ar\/site\/wp-json\/wp\/v2\/types\/post"}],"author":[{"embeddable":true,"href":"https:\/\/radionewsmisiones.ar\/site\/wp-json\/wp\/v2\/users\/3"}],"replies":[{"embeddable":true,"href":"https:\/\/radionewsmisiones.ar\/site\/wp-json\/wp\/v2\/comments?post=1055"}],"version-history":[{"count":1,"href":"https:\/\/radionewsmisiones.ar\/site\/wp-json\/wp\/v2\/posts\/1055\/revisions"}],"predecessor-version":[{"id":1058,"href":"https:\/\/radionewsmisiones.ar\/site\/wp-json\/wp\/v2\/posts\/1055\/revisions\/1058"}],"wp:featuredmedia":[{"embeddable":true,"href":"https:\/\/radionewsmisiones.ar\/site\/wp-json\/wp\/v2\/media\/1057"}],"wp:attachment":[{"href":"https:\/\/radionewsmisiones.ar\/site\/wp-json\/wp\/v2\/media?parent=1055"}],"wp:term":[{"taxonomy":"category","embeddable":true,"href":"https:\/\/radionewsmisiones.ar\/site\/wp-json\/wp\/v2\/categories?post=1055"},{"taxonomy":"post_tag","embeddable":true,"href":"https:\/\/radionewsmisiones.ar\/site\/wp-json\/wp\/v2\/tags?post=1055"}],"curies":[{"name":"wp","href":"https:\/\/api.w.org\/{rel}","templated":true}]}}