{"id":1059,"date":"2022-08-22T22:23:45","date_gmt":"2022-08-23T01:23:45","guid":{"rendered":"https:\/\/radionewsmisiones.ar\/site\/?p=1059"},"modified":"2022-08-22T22:23:49","modified_gmt":"2022-08-23T01:23:49","slug":"reunion-con-autoridades-del-colegio-de-abogados","status":"publish","type":"post","link":"https:\/\/radionewsmisiones.ar\/site\/provinciales\/reunion-con-autoridades-del-colegio-de-abogados\/","title":{"rendered":"Reuni\u00f3n con autoridades del Colegio de Abogados"},"content":{"rendered":"\n<p>Este lunes 22 la presidente del Superior Tribunal de Justicia, Rosanna P\u00eda Venchiarutti Sartori, junto a sus pares los ministros: Cristian Marcelo Benitez y Froil\u00e1n Zarza, recibi\u00f3 al presidente del Colegio de Abogados, Fernando Orbe y Valeria Soczyuk, secretaria.<\/p>\n\n\n\n<figure class=\"wp-block-image size-large\"><img loading=\"lazy\" width=\"1024\" height=\"438\" src=\"https:\/\/radionewsmisiones.ar\/site\/wp-content\/uploads\/2022\/08\/WhatsApp-Image-2022-08-22-at-22.10.34-1024x438.jpeg\" alt=\"\" class=\"wp-image-1060\" srcset=\"https:\/\/radionewsmisiones.ar\/site\/wp-content\/uploads\/2022\/08\/WhatsApp-Image-2022-08-22-at-22.10.34-1024x438.jpeg 1024w, https:\/\/radionewsmisiones.ar\/site\/wp-content\/uploads\/2022\/08\/WhatsApp-Image-2022-08-22-at-22.10.34-300x128.jpeg 300w, https:\/\/radionewsmisiones.ar\/site\/wp-content\/uploads\/2022\/08\/WhatsApp-Image-2022-08-22-at-22.10.34-768x329.jpeg 768w, https:\/\/radionewsmisiones.ar\/site\/wp-content\/uploads\/2022\/08\/WhatsApp-Image-2022-08-22-at-22.10.34.jpeg 1280w\" sizes=\"(max-width: 1024px) 100vw, 1024px\" \/><\/figure>\n\n\n\n<p>El encuentro surge como consecuencia de la capacitaci\u00f3n a cargo del Secretario de C\u00e1mara de Apelaciones del Poder Judicial de la Provincia de Buenos Aires, Gabriel Hern\u00e1n Quadri, que se brind\u00f3 por parte del Poder Judicial el pasado jueves 11 de agosto, que despert\u00f3 la motivaci\u00f3n de los actores del sistema de justicia y ante los ataques cibern\u00e9ticos que recibieran las provincias de Chaco y C\u00f3rdoba en los \u00faltimos meses.<\/p>\n\n\n\n<p>Los presentes acordaron que es necesario avanzar en los cambios de paradigma tanto de abogados como de la judicatura ya que la automatizaci\u00f3n de los procesos es un camino de ida en el que habr\u00e1 que capacitarse para estar a la altura de los procesos.<\/p>\n\n\n\n<p>En cuanto a la seguridad del sistema el Poder Judicial misionero trabaja con un servidor espejo de gesti\u00f3n propia y se avanza en la fidelizaci\u00f3n de los usuarios para continuar en los procesos de informatizaci\u00f3n.<\/p>\n\n\n\n<p>Desde el STJ se record\u00f3 que cuentan con la mesa de ayuda y con capacitadores que podr\u00edan formar a un equipo seleccionado por el Colegio para que sean quienes transmitan esa formaci\u00f3n a los profesionales de la matricula para la dinamizaci\u00f3n y avance hacia el expediente electr\u00f3nico.<\/p>\n","protected":false},"excerpt":{"rendered":"<p>Este lunes 22 la presidente del Superior Tribunal de Justicia, Rosanna P&iacute;a Venchiarutti Sartori, junto a sus pares los ministros: Cristian Marcelo Benitez y Froil&aacute;n Zarza, recibi&oacute; al presidente del&hellip; <\/p>\n","protected":false},"author":3,"featured_media":1060,"comment_status":"closed","ping_status":"open","sticky":false,"template":"","format":"standard","meta":{"_monsterinsights_skip_tracking":false,"_monsterinsights_sitenote_active":false,"_monsterinsights_sitenote_note":"","_monsterinsights_sitenote_category":0},"categories":[3],"tags":[29],"aioseo_notices":[],"_links":{"self":[{"href":"https:\/\/radionewsmisiones.ar\/site\/wp-json\/wp\/v2\/posts\/1059"}],"collection":[{"href":"https:\/\/radionewsmisiones.ar\/site\/wp-json\/wp\/v2\/posts"}],"about":[{"href":"https:\/\/radionewsmisiones.ar\/site\/wp-json\/wp\/v2\/types\/post"}],"author":[{"embeddable":true,"href":"https:\/\/radionewsmisiones.ar\/site\/wp-json\/wp\/v2\/users\/3"}],"replies":[{"embeddable":true,"href":"https:\/\/radionewsmisiones.ar\/site\/wp-json\/wp\/v2\/comments?post=1059"}],"version-history":[{"count":1,"href":"https:\/\/radionewsmisiones.ar\/site\/wp-json\/wp\/v2\/posts\/1059\/revisions"}],"predecessor-version":[{"id":1061,"href":"https:\/\/radionewsmisiones.ar\/site\/wp-json\/wp\/v2\/posts\/1059\/revisions\/1061"}],"wp:featuredmedia":[{"embeddable":true,"href":"https:\/\/radionewsmisiones.ar\/site\/wp-json\/wp\/v2\/media\/1060"}],"wp:attachment":[{"href":"https:\/\/radionewsmisiones.ar\/site\/wp-json\/wp\/v2\/media?parent=1059"}],"wp:term":[{"taxonomy":"category","embeddable":true,"href":"https:\/\/radionewsmisiones.ar\/site\/wp-json\/wp\/v2\/categories?post=1059"},{"taxonomy":"post_tag","embeddable":true,"href":"https:\/\/radionewsmisiones.ar\/site\/wp-json\/wp\/v2\/tags?post=1059"}],"curies":[{"name":"wp","href":"https:\/\/api.w.org\/{rel}","templated":true}]}}