{"id":1069,"date":"2022-08-22T22:29:58","date_gmt":"2022-08-23T01:29:58","guid":{"rendered":"https:\/\/radionewsmisiones.ar\/site\/?p=1069"},"modified":"2022-08-22T22:30:03","modified_gmt":"2022-08-23T01:30:03","slug":"el-programa-te-sumo-es-una-gran-oportunidad-para-impulsar-la-insercion-laboral-de-los-jovenes-misioneros","status":"publish","type":"post","link":"https:\/\/radionewsmisiones.ar\/site\/provinciales\/el-programa-te-sumo-es-una-gran-oportunidad-para-impulsar-la-insercion-laboral-de-los-jovenes-misioneros\/","title":{"rendered":"\u00abEl programa Te Sumo es una gran oportunidad para impulsar la inserci\u00f3n laboral de los j\u00f3venes misioneros\u00bb"},"content":{"rendered":"\n<p>Posadas, 22 de agosto. El vicegobernador de la provincia Dr. Carlos Arce, particip\u00f3 junto al presidente del PIIP, Ing. Christian Piatti y la jefa de Agencia Territorial Posadas Dra. Ver\u00f3nica Derna de una charla difusi\u00f3n sobre el Programa \u00abTe Sumo\u00bb, Entrenamiento para el Trabajo y Programa de Inserci\u00f3n Laboral y Empleo Independientemente del MTEySS, brindada por el equipo t\u00e9cnico de la Agencia Territorial Posadas en coordinaci\u00f3n con la Oficina de Empleo de Posadas y el PIIP.<\/p>\n\n\n\n<figure class=\"wp-block-image size-large\"><img loading=\"lazy\" width=\"1024\" height=\"682\" src=\"https:\/\/radionewsmisiones.ar\/site\/wp-content\/uploads\/2022\/08\/WhatsApp-Image-2022-08-22-at-15.38.12-1024x682.jpeg\" alt=\"\" class=\"wp-image-1071\" srcset=\"https:\/\/radionewsmisiones.ar\/site\/wp-content\/uploads\/2022\/08\/WhatsApp-Image-2022-08-22-at-15.38.12-1024x682.jpeg 1024w, https:\/\/radionewsmisiones.ar\/site\/wp-content\/uploads\/2022\/08\/WhatsApp-Image-2022-08-22-at-15.38.12-300x200.jpeg 300w, https:\/\/radionewsmisiones.ar\/site\/wp-content\/uploads\/2022\/08\/WhatsApp-Image-2022-08-22-at-15.38.12-768x512.jpeg 768w, https:\/\/radionewsmisiones.ar\/site\/wp-content\/uploads\/2022\/08\/WhatsApp-Image-2022-08-22-at-15.38.12.jpeg 1280w\" sizes=\"(max-width: 1024px) 100vw, 1024px\" \/><\/figure>\n\n\n\n<p>\u00abDebemos aprovechar estos programas porque generan un mont\u00f3n de oportunidades de inserci\u00f3n laboral. Y su \u00e9xito permite el arribo a la provincia de nuevos programas\u00bb, se\u00f1al\u00f3 el vicegobernador Carlos Arce.<\/p>\n\n\n\n<p>Este programa, impulsado por los ministerios de Trabajo y de Desarrollo Productivo de la Naci\u00f3n, con la coordinaci\u00f3n de la Oficina de Empleo, y de la Agencia Territorial Posadas del Ministerio de Trabajo de la Naci\u00f3n, a cargo de Ver\u00f3nica Derna, tiene como objetivo promover la inserci\u00f3n laboral de j\u00f3venes de 18 a 24 a\u00f1os en peque\u00f1as y medianas empresas.<\/p>\n\n\n\n<p>\u00abEl \u00e9xito de esto depende de todos los actores, el gobierno nacional, el gobierno provincial, los municipios y las empresas privadas\u00bb, dijo Arce.<\/p>\n\n\n\n<p>Con el objeto de generar nuevos puestos de trabajo genuino, el programa \u201cTe Sumo\u201d promueve que las peque\u00f1as y medianas empresas que contraten j\u00f3venes, se vean beneficiadas con una reducci\u00f3n en aportes patronales y reciban un apoyo econ\u00f3mico del Estado, que cubrir\u00e1 el pago de hasta un 70 por ciento del salario durante los primeros 12 meses a partir del alta laboral.<\/p>\n\n\n\n<p>\u00abEn mi permanente recorrido por la provincia, los pedidos que m\u00e1s se repiten son trabajo y vivienda. Este programa significa una gran oportunidad,&nbsp; tanto para los j\u00f3venes de insertarse al mercado laboral formal, como para las empresas de capacitar e incorporar personal con un aporte muy significativo del Estado\u00bb, concluy\u00f3 Arce.<\/p>\n\n\n\n<p>Esta iniciativa est\u00e1 orientada a j\u00f3venes de entre 18 y 24 a\u00f1os con secundario completo y el aporte del Estado por cada salario se adecuar\u00e1 al tama\u00f1o de la empresa, siendo de $18.000 en las micro, $14.000 en las peque\u00f1as y $11.500 en las medianas.<\/p>\n\n\n\n<p>El Programa cuenta con dos modalidades de acceso: realizar un entrenamiento para el trabajo por hasta 6 meses con la opci\u00f3n posterior de contratar a la persona; o realizar la contrataci\u00f3n con intermediaci\u00f3n de una Agencia Territorial u Oficina de Empleo.<\/p>\n\n\n\n<p>En caso de contrataci\u00f3n, el programa consta de 3 beneficios acumulables: Aporte al Salario a acreditar en la cuenta del\/ la j\u00f3ven (PIL); aporte de SEPyME a acreditar en la cuenta de la empresa; y Reducci\u00f3n de contribuciones patronales. Los montos de los beneficios variar\u00e1n seg\u00fan la dotaci\u00f3n de la empresa, y las contrataciones que se realicen.<\/p>\n\n\n\n<p>Para aquellas empresas que opten iniciar con el entrenamiento para el trabajo, el programa aportar\u00e1 un monto diferencial dependiendo de la dotaci\u00f3n de la empresa. No habr\u00e1 relaci\u00f3n laboral durante el entrenamiento.<\/p>\n\n\n\n<p>Las Pymes y los j\u00f3venes interesados en ingresar al programa, podr\u00e1n hacerlos a trav\u00e9s de&nbsp;www.portalempleo.gob.ar&nbsp;donde adem\u00e1s encontrar\u00e1n informaci\u00f3n de inter\u00e9s.<\/p>\n","protected":false},"excerpt":{"rendered":"<p>Posadas, 22 de agosto. El vicegobernador de la provincia Dr. Carlos Arce, particip&oacute; junto al presidente del PIIP, Ing. Christian Piatti y la jefa de Agencia Territorial Posadas Dra. Ver&oacute;nica&hellip; <\/p>\n","protected":false},"author":3,"featured_media":1072,"comment_status":"closed","ping_status":"open","sticky":false,"template":"","format":"standard","meta":{"_monsterinsights_skip_tracking":false,"_monsterinsights_sitenote_active":false,"_monsterinsights_sitenote_note":"","_monsterinsights_sitenote_category":0},"categories":[3],"tags":[37],"aioseo_notices":[],"_links":{"self":[{"href":"https:\/\/radionewsmisiones.ar\/site\/wp-json\/wp\/v2\/posts\/1069"}],"collection":[{"href":"https:\/\/radionewsmisiones.ar\/site\/wp-json\/wp\/v2\/posts"}],"about":[{"href":"https:\/\/radionewsmisiones.ar\/site\/wp-json\/wp\/v2\/types\/post"}],"author":[{"embeddable":true,"href":"https:\/\/radionewsmisiones.ar\/site\/wp-json\/wp\/v2\/users\/3"}],"replies":[{"embeddable":true,"href":"https:\/\/radionewsmisiones.ar\/site\/wp-json\/wp\/v2\/comments?post=1069"}],"version-history":[{"count":1,"href":"https:\/\/radionewsmisiones.ar\/site\/wp-json\/wp\/v2\/posts\/1069\/revisions"}],"predecessor-version":[{"id":1073,"href":"https:\/\/radionewsmisiones.ar\/site\/wp-json\/wp\/v2\/posts\/1069\/revisions\/1073"}],"wp:featuredmedia":[{"embeddable":true,"href":"https:\/\/radionewsmisiones.ar\/site\/wp-json\/wp\/v2\/media\/1072"}],"wp:attachment":[{"href":"https:\/\/radionewsmisiones.ar\/site\/wp-json\/wp\/v2\/media?parent=1069"}],"wp:term":[{"taxonomy":"category","embeddable":true,"href":"https:\/\/radionewsmisiones.ar\/site\/wp-json\/wp\/v2\/categories?post=1069"},{"taxonomy":"post_tag","embeddable":true,"href":"https:\/\/radionewsmisiones.ar\/site\/wp-json\/wp\/v2\/tags?post=1069"}],"curies":[{"name":"wp","href":"https:\/\/api.w.org\/{rel}","templated":true}]}}