{"id":1109,"date":"2022-08-23T18:41:59","date_gmt":"2022-08-23T21:41:59","guid":{"rendered":"https:\/\/radionewsmisiones.ar\/site\/?p=1109"},"modified":"2022-08-23T18:42:03","modified_gmt":"2022-08-23T21:42:03","slug":"convocan-a-vecinos-de-itaembe-guazu-a-actualizar-su-dni-y-cambio-de-domicilio","status":"publish","type":"post","link":"https:\/\/radionewsmisiones.ar\/site\/provinciales\/convocan-a-vecinos-de-itaembe-guazu-a-actualizar-su-dni-y-cambio-de-domicilio\/","title":{"rendered":"Convocan a vecinos de Itaemb\u00e9 Guaz\u00fa a actualizar su DNI y cambio de domicilio"},"content":{"rendered":"\n<p>La Municipalidad de Posadas convoca a los vecinos del barrio Itaemb\u00e9 Guaz\u00fa a la renovaci\u00f3n y actualizaci\u00f3n de aquellas personas que se mudaron y a\u00fan no han tramitado el cambio de domicilio.<\/p>\n\n\n\n<figure class=\"wp-block-image size-large\"><img loading=\"lazy\" width=\"1024\" height=\"1024\" src=\"https:\/\/radionewsmisiones.ar\/site\/wp-content\/uploads\/2022\/08\/WhatsApp-Image-2022-08-23-at-08.30.00-1024x1024.jpeg\" alt=\"\" class=\"wp-image-1110\" srcset=\"https:\/\/radionewsmisiones.ar\/site\/wp-content\/uploads\/2022\/08\/WhatsApp-Image-2022-08-23-at-08.30.00.jpeg 1024w, https:\/\/radionewsmisiones.ar\/site\/wp-content\/uploads\/2022\/08\/WhatsApp-Image-2022-08-23-at-08.30.00-300x300.jpeg 300w, https:\/\/radionewsmisiones.ar\/site\/wp-content\/uploads\/2022\/08\/WhatsApp-Image-2022-08-23-at-08.30.00-150x150.jpeg 150w, https:\/\/radionewsmisiones.ar\/site\/wp-content\/uploads\/2022\/08\/WhatsApp-Image-2022-08-23-at-08.30.00-768x768.jpeg 768w\" sizes=\"(max-width: 1024px) 100vw, 1024px\" \/><\/figure>\n\n\n\n<p>En este sentido, en un trabajo entre el municipio, el Honorable Concejo Deliberante y el Registro de las Personas, se dar\u00e1 inicio a este operativo que se realizar\u00e1 el pr\u00f3ximo mi\u00e9rcoles, en el horario de 9 a 13 H. en la sede de la Delegaci\u00f3n Municipal. De esta manera, esta jornada se har\u00e1 dos veces por semana.<\/p>\n\n\n\n<p>A trav\u00e9s de un cronograma que organizar\u00e1 a los residentes de los ocho sectores, se desarrollar\u00e1n estas jornadas con la intenci\u00f3n de regularizar su situaci\u00f3n domiciliaria. Los que hagan este tr\u00e1mite tendr\u00e1n que denunciar su domicilio e imprimir su huella digital.<\/p>\n\n\n\n<p>En este sentido, se realizar\u00e1 una campa\u00f1a casa por casa para informar acerca de este procedimiento y explicar la importancia de presentarse en el d\u00eda correspondiente.<\/p>\n\n\n\n<p>Finalmente, para todas las personas que residan en este complejo habitacional, este tr\u00e1mite no tendr\u00e1 costo alguno.<\/p>\n","protected":false},"excerpt":{"rendered":"<p>La Municipalidad de Posadas convoca a los vecinos del barrio Itaemb&eacute; Guaz&uacute; a la renovaci&oacute;n y actualizaci&oacute;n de aquellas personas que se mudaron y a&uacute;n no han tramitado el cambio&hellip; <\/p>\n","protected":false},"author":3,"featured_media":1110,"comment_status":"closed","ping_status":"open","sticky":false,"template":"","format":"standard","meta":{"_monsterinsights_skip_tracking":false,"_monsterinsights_sitenote_active":false,"_monsterinsights_sitenote_note":"","_monsterinsights_sitenote_category":0},"categories":[3],"tags":[22],"aioseo_notices":[],"_links":{"self":[{"href":"https:\/\/radionewsmisiones.ar\/site\/wp-json\/wp\/v2\/posts\/1109"}],"collection":[{"href":"https:\/\/radionewsmisiones.ar\/site\/wp-json\/wp\/v2\/posts"}],"about":[{"href":"https:\/\/radionewsmisiones.ar\/site\/wp-json\/wp\/v2\/types\/post"}],"author":[{"embeddable":true,"href":"https:\/\/radionewsmisiones.ar\/site\/wp-json\/wp\/v2\/users\/3"}],"replies":[{"embeddable":true,"href":"https:\/\/radionewsmisiones.ar\/site\/wp-json\/wp\/v2\/comments?post=1109"}],"version-history":[{"count":1,"href":"https:\/\/radionewsmisiones.ar\/site\/wp-json\/wp\/v2\/posts\/1109\/revisions"}],"predecessor-version":[{"id":1111,"href":"https:\/\/radionewsmisiones.ar\/site\/wp-json\/wp\/v2\/posts\/1109\/revisions\/1111"}],"wp:featuredmedia":[{"embeddable":true,"href":"https:\/\/radionewsmisiones.ar\/site\/wp-json\/wp\/v2\/media\/1110"}],"wp:attachment":[{"href":"https:\/\/radionewsmisiones.ar\/site\/wp-json\/wp\/v2\/media?parent=1109"}],"wp:term":[{"taxonomy":"category","embeddable":true,"href":"https:\/\/radionewsmisiones.ar\/site\/wp-json\/wp\/v2\/categories?post=1109"},{"taxonomy":"post_tag","embeddable":true,"href":"https:\/\/radionewsmisiones.ar\/site\/wp-json\/wp\/v2\/tags?post=1109"}],"curies":[{"name":"wp","href":"https:\/\/api.w.org\/{rel}","templated":true}]}}