{"id":1112,"date":"2022-08-23T18:44:57","date_gmt":"2022-08-23T21:44:57","guid":{"rendered":"https:\/\/radionewsmisiones.ar\/site\/?p=1112"},"modified":"2022-08-23T18:45:01","modified_gmt":"2022-08-23T21:45:01","slug":"ips-inauguro-una-nueva-delegacion-en-fachinal","status":"publish","type":"post","link":"https:\/\/radionewsmisiones.ar\/site\/provinciales\/ips-inauguro-una-nueva-delegacion-en-fachinal\/","title":{"rendered":"IPS inaugur\u00f3 una nueva delegaci\u00f3n en Fachinal"},"content":{"rendered":"\n<p>El vicegobernador de la provincia Dr. Carlos Arce, particip\u00f3, junto al presidente del Instituto de Previsi\u00f3n Social (IPS), Dr. Lisandro Benmaor, de la inauguraci\u00f3n de la nueva delegaci\u00f3n que, a partir de este martes 23, comenzar\u00e1 a funcionar en el edificio municipal.<\/p>\n\n\n\n<figure class=\"wp-block-image size-large\"><img loading=\"lazy\" width=\"1024\" height=\"790\" src=\"https:\/\/radionewsmisiones.ar\/site\/wp-content\/uploads\/2022\/08\/WhatsApp-Image-2022-08-23-at-14.07.10-1024x790.jpeg\" alt=\"\" class=\"wp-image-1113\" srcset=\"https:\/\/radionewsmisiones.ar\/site\/wp-content\/uploads\/2022\/08\/WhatsApp-Image-2022-08-23-at-14.07.10-1024x790.jpeg 1024w, https:\/\/radionewsmisiones.ar\/site\/wp-content\/uploads\/2022\/08\/WhatsApp-Image-2022-08-23-at-14.07.10-300x232.jpeg 300w, https:\/\/radionewsmisiones.ar\/site\/wp-content\/uploads\/2022\/08\/WhatsApp-Image-2022-08-23-at-14.07.10-768x593.jpeg 768w, https:\/\/radionewsmisiones.ar\/site\/wp-content\/uploads\/2022\/08\/WhatsApp-Image-2022-08-23-at-14.07.10.jpeg 1280w\" sizes=\"(max-width: 1024px) 100vw, 1024px\" \/><\/figure>\n\n\n\n<p>\u00abEste es un beneficio muy importante para el afiliado, porque puede realizar&nbsp;sus tr\u00e1mites en su lugar de origen, sin salir a la ruta, gastar combustible y tiempo\u00bb, manifest\u00f3 Arce.<\/p>\n\n\n\n<p>El espacio, que hasta el momento funcionaba como boca de expendio, contar\u00e1 con todos los servicios para que, los afiliados del municipio y zonas de influencia,&nbsp; puedan contar con m\u00e1s y mejores servicios.<\/p>\n\n\n\n<p>La Delegaci\u00f3n brindar\u00e1 servicio de expendio y venta de \u00f3rdenes m\u00e9dicas, cobro de coseguros, entrega de chequeras de programas especiales y asesoramiento en general de diversas prestaciones de la obra social.<\/p>\n\n\n\n<p>Con esta nueva apertura, el Instituto de Previsi\u00f3n Social, suma su delegaci\u00f3n&nbsp;n\u00famero 77. Cabe destacar que, en los \u00faltimos dos a\u00f1os se han inaugurado m\u00e1s de 30 en toda la provincia.<\/p>\n","protected":false},"excerpt":{"rendered":"<p>El vicegobernador de la provincia Dr. Carlos Arce, particip&oacute;, junto al presidente del Instituto de Previsi&oacute;n Social (IPS), Dr. Lisandro Benmaor, de la inauguraci&oacute;n de la nueva delegaci&oacute;n que, a&hellip; <\/p>\n","protected":false},"author":3,"featured_media":1114,"comment_status":"closed","ping_status":"open","sticky":false,"template":"","format":"standard","meta":{"_monsterinsights_skip_tracking":false,"_monsterinsights_sitenote_active":false,"_monsterinsights_sitenote_note":"","_monsterinsights_sitenote_category":0},"categories":[3],"tags":[38],"aioseo_notices":[],"_links":{"self":[{"href":"https:\/\/radionewsmisiones.ar\/site\/wp-json\/wp\/v2\/posts\/1112"}],"collection":[{"href":"https:\/\/radionewsmisiones.ar\/site\/wp-json\/wp\/v2\/posts"}],"about":[{"href":"https:\/\/radionewsmisiones.ar\/site\/wp-json\/wp\/v2\/types\/post"}],"author":[{"embeddable":true,"href":"https:\/\/radionewsmisiones.ar\/site\/wp-json\/wp\/v2\/users\/3"}],"replies":[{"embeddable":true,"href":"https:\/\/radionewsmisiones.ar\/site\/wp-json\/wp\/v2\/comments?post=1112"}],"version-history":[{"count":1,"href":"https:\/\/radionewsmisiones.ar\/site\/wp-json\/wp\/v2\/posts\/1112\/revisions"}],"predecessor-version":[{"id":1115,"href":"https:\/\/radionewsmisiones.ar\/site\/wp-json\/wp\/v2\/posts\/1112\/revisions\/1115"}],"wp:featuredmedia":[{"embeddable":true,"href":"https:\/\/radionewsmisiones.ar\/site\/wp-json\/wp\/v2\/media\/1114"}],"wp:attachment":[{"href":"https:\/\/radionewsmisiones.ar\/site\/wp-json\/wp\/v2\/media?parent=1112"}],"wp:term":[{"taxonomy":"category","embeddable":true,"href":"https:\/\/radionewsmisiones.ar\/site\/wp-json\/wp\/v2\/categories?post=1112"},{"taxonomy":"post_tag","embeddable":true,"href":"https:\/\/radionewsmisiones.ar\/site\/wp-json\/wp\/v2\/tags?post=1112"}],"curies":[{"name":"wp","href":"https:\/\/api.w.org\/{rel}","templated":true}]}}