{"id":1116,"date":"2022-08-23T18:46:59","date_gmt":"2022-08-23T21:46:59","guid":{"rendered":"https:\/\/radionewsmisiones.ar\/site\/?p=1116"},"modified":"2022-08-23T18:47:03","modified_gmt":"2022-08-23T21:47:03","slug":"p-a-s-interior-en-azara-la-solucion-esta-aca-y-la-solucion-que-no-esta-aca-tiene-respuesta-marco-arce","status":"publish","type":"post","link":"https:\/\/radionewsmisiones.ar\/site\/provinciales\/p-a-s-interior-en-azara-la-solucion-esta-aca-y-la-solucion-que-no-esta-aca-tiene-respuesta-marco-arce\/","title":{"rendered":"P.A.S. Interior en Azara: \u00bb La soluci\u00f3n est\u00e1 ac\u00e1, y la soluci\u00f3n que no est\u00e1 ac\u00e1, tiene respuesta\u00bb marc\u00f3 Arce"},"content":{"rendered":"\n<p>Esta ma\u00f1ana el vicegobernador Carlos Arce visit\u00f3 la localidad de Azara donde se desarroll\u00f3 un nuevo operativo del Programa Asistencia Solidaria Interior con gran concurrencia.<\/p>\n\n\n\n<figure class=\"wp-block-image size-large\"><img loading=\"lazy\" width=\"1024\" height=\"683\" src=\"https:\/\/radionewsmisiones.ar\/site\/wp-content\/uploads\/2022\/08\/WhatsApp-Image-2022-08-23-at-14.03.39-1024x683.jpeg\" alt=\"\" class=\"wp-image-1117\" srcset=\"https:\/\/radionewsmisiones.ar\/site\/wp-content\/uploads\/2022\/08\/WhatsApp-Image-2022-08-23-at-14.03.39-1024x683.jpeg 1024w, https:\/\/radionewsmisiones.ar\/site\/wp-content\/uploads\/2022\/08\/WhatsApp-Image-2022-08-23-at-14.03.39-300x200.jpeg 300w, https:\/\/radionewsmisiones.ar\/site\/wp-content\/uploads\/2022\/08\/WhatsApp-Image-2022-08-23-at-14.03.39-768x512.jpeg 768w, https:\/\/radionewsmisiones.ar\/site\/wp-content\/uploads\/2022\/08\/WhatsApp-Image-2022-08-23-at-14.03.39-1536x1024.jpeg 1536w, https:\/\/radionewsmisiones.ar\/site\/wp-content\/uploads\/2022\/08\/WhatsApp-Image-2022-08-23-at-14.03.39.jpeg 1599w\" sizes=\"(max-width: 1024px) 100vw, 1024px\" \/><\/figure>\n\n\n\n<p>Azara, 23 de agosto. Hoy el operativo del Programa Asistencia Solidaria Interior lleg\u00f3 al B.O.P. N\u00b032 en esta localidad y all\u00ed el vicegobernador Carlos Arce junto al intendente Daniel Yendrika y el coordinador del Programa, subsecretario Kike Parra recorri\u00f3 los servicios y las atenciones para los vecinos y vecinas.<\/p>\n\n\n\n<p>El vicegobernador Carlos Arce se refiri\u00f3 a la gran concurrencia y al \u00abtrabajo coordinado entre Municipio y P.A.S. Interior para brindar todos los servicios m\u00e9dicos, sociales, integrales y familiares que tenemos en el Programa. Recorremos la Provincia tratando de acercar el operativo a la gente.\u00bb<\/p>\n\n\n\n<p>\u00abLa soluci\u00f3n est\u00e1 ac\u00e1, y la soluci\u00f3n que no est\u00e1 ac\u00e1, tiene respuesta\u00bb, remarc\u00f3 Arce, con una propuesta integral, y familiar y con respuesta en el lugar\u00bb, coment\u00f3 refiri\u00e9ndose a un matrimonio que adquiri\u00f3 sus anteojos en el P.A.S. \u00abque hace mucho esperaban y hoy ya los tienen\u00bb.<\/p>\n\n\n\n<p>El operativo dispuesto desde temprano tuvo importante concurrencia donde se brindaron todos los servicios y atenciones. Adem\u00e1s de la habitual entrega de insumos y elementos a la instituciones educativas y al municipio.<\/p>\n\n\n\n<p>Estuvieron presentes en la jornada el vicegobernador Carlos Arce, el intendente Daniel Yendrika, el pte. de IPS Lisandro Benmaor, el subsecretario de Econom\u00eda Circular Fernando Santacruz y el responsable de IPLyC Social Marcelo Ledesma.<\/p>\n","protected":false},"excerpt":{"rendered":"<p>Esta ma&ntilde;ana el vicegobernador Carlos Arce visit&oacute; la localidad de Azara donde se desarroll&oacute; un nuevo operativo del Programa Asistencia Solidaria Interior con gran concurrencia. Azara, 23 de agosto. Hoy&hellip; <\/p>\n","protected":false},"author":3,"featured_media":1118,"comment_status":"closed","ping_status":"open","sticky":false,"template":"","format":"standard","meta":{"_monsterinsights_skip_tracking":false,"_monsterinsights_sitenote_active":false,"_monsterinsights_sitenote_note":"","_monsterinsights_sitenote_category":0},"categories":[3],"tags":[39],"aioseo_notices":[],"_links":{"self":[{"href":"https:\/\/radionewsmisiones.ar\/site\/wp-json\/wp\/v2\/posts\/1116"}],"collection":[{"href":"https:\/\/radionewsmisiones.ar\/site\/wp-json\/wp\/v2\/posts"}],"about":[{"href":"https:\/\/radionewsmisiones.ar\/site\/wp-json\/wp\/v2\/types\/post"}],"author":[{"embeddable":true,"href":"https:\/\/radionewsmisiones.ar\/site\/wp-json\/wp\/v2\/users\/3"}],"replies":[{"embeddable":true,"href":"https:\/\/radionewsmisiones.ar\/site\/wp-json\/wp\/v2\/comments?post=1116"}],"version-history":[{"count":1,"href":"https:\/\/radionewsmisiones.ar\/site\/wp-json\/wp\/v2\/posts\/1116\/revisions"}],"predecessor-version":[{"id":1119,"href":"https:\/\/radionewsmisiones.ar\/site\/wp-json\/wp\/v2\/posts\/1116\/revisions\/1119"}],"wp:featuredmedia":[{"embeddable":true,"href":"https:\/\/radionewsmisiones.ar\/site\/wp-json\/wp\/v2\/media\/1118"}],"wp:attachment":[{"href":"https:\/\/radionewsmisiones.ar\/site\/wp-json\/wp\/v2\/media?parent=1116"}],"wp:term":[{"taxonomy":"category","embeddable":true,"href":"https:\/\/radionewsmisiones.ar\/site\/wp-json\/wp\/v2\/categories?post=1116"},{"taxonomy":"post_tag","embeddable":true,"href":"https:\/\/radionewsmisiones.ar\/site\/wp-json\/wp\/v2\/tags?post=1116"}],"curies":[{"name":"wp","href":"https:\/\/api.w.org\/{rel}","templated":true}]}}