{"id":1120,"date":"2022-08-23T19:11:47","date_gmt":"2022-08-23T22:11:47","guid":{"rendered":"https:\/\/radionewsmisiones.ar\/site\/?p=1120"},"modified":"2022-08-23T19:12:22","modified_gmt":"2022-08-23T22:12:22","slug":"alarcon-participa-de-la-reunion-del-cofesa-en-capital-federal","status":"publish","type":"post","link":"https:\/\/radionewsmisiones.ar\/site\/provinciales\/alarcon-participa-de-la-reunion-del-cofesa-en-capital-federal\/","title":{"rendered":"Alarc\u00f3n participa de la reuni\u00f3n del COFESA en Capital Federal"},"content":{"rendered":"\n<p>El ministro de Salud P\u00fablica de Misiones, Dr. Oscar Alarc\u00f3n participa de la reuni\u00f3n del Consejo<br>Federal de Salud (COFESA) junto a sus pares del resto del pa\u00eds, encabezada por la ministra de<br>Salud de la Naci\u00f3n, Dra. Carla Vizzoti, en la Ciudad Aut\u00f3noma de Buenos Aires, en el Centro<br>Cultural N\u00e9stor Kirchner. El encuentro federal se desarrollar\u00e1 hoy y ma\u00f1ana.<br>Hoy, encuentro inicio a las 9 horas con las palabras de bienvenida de la ministra de Salud de la<br>Naci\u00f3n y posteriormente se inici\u00f3 la reuni\u00f3n.<\/p>\n\n\n\n<figure class=\"wp-block-image size-full\"><img loading=\"lazy\" width=\"800\" height=\"505\" src=\"https:\/\/radionewsmisiones.ar\/site\/wp-content\/uploads\/2022\/08\/COFESA-2-1.jpg\" alt=\"\" class=\"wp-image-1121\" srcset=\"https:\/\/radionewsmisiones.ar\/site\/wp-content\/uploads\/2022\/08\/COFESA-2-1.jpg 800w, https:\/\/radionewsmisiones.ar\/site\/wp-content\/uploads\/2022\/08\/COFESA-2-1-300x189.jpg 300w, https:\/\/radionewsmisiones.ar\/site\/wp-content\/uploads\/2022\/08\/COFESA-2-1-768x485.jpg 768w\" sizes=\"(max-width: 800px) 100vw, 800px\" \/><figcaption>????????????????????????????????????<\/figcaption><\/figure>\n\n\n\n<p><br>En la primera parte que se extendi\u00f3 hasta las 13 horas, se trabaj\u00f3 en los siguientes puntos:<br>\uf0b7 Estrategias Cr\u00f3nicas y no trasmisibles<br>\uf0b7 Ley de Muerte S\u00fabita: Reglamentaci\u00f3n y muestra de registro.<br>\uf0b7 Ley de Enfermedad Cel\u00edaca.<br>\uf0b7 Ley de Cuidado Paliativos.<br>\uf0b7 Ley de Diabetes.<br>A las 14 horas se reanuda la reuni\u00f3n con los siguientes \u00edtems en la jornada de hoy:<br>Instituto nacional del C\u00e1ncer<br>\uf0b7 Estrategias de Screening: HPV, Colorrectal, Mama.<br>\uf0b7 Ley de Oncopediatr\u00eda.<br>\uf0b7 Programa de Paliativos.<br>\uf0b7 Estado de Situaci\u00f3n Radioterapia y Medicina Nuclear.<br>\uf0b7 Provisi\u00f3n medicamentos oncol\u00f3gicos<br>Uso apropiado de antimicrobianos: Implementaci\u00f3n federal.<br>\uf0b7 Ley de Prevenci\u00f3n y Control de la Resistencia Antimicrobiana.<\/p>\n\n\n\n<p>Ma\u00f1ana, desde las 8.30 hasta las 18 horas se trabajar\u00e1 en los siguientes \u00edtems:<br>\uf0b7 Hospital Garrahan: Balance de los 35 a\u00f1os y pr\u00f3ximos desaf\u00edos<br>\uf0b7 Viruela s\u00edmica: situaci\u00f3n actual y pasos a seguir<br>\uf0b7 Directrices de Procuraci\u00f3n de \u00f3rganos y tejidos<br>\uf0b7 Matricula digital y fortalecimiento del REFEPS<br>\uf0b7 Integraci\u00f3n del Sistema de Salud: Programa Federal Incluir Salud:<br>\uf0b7 espacio de intercambio.<br>\uf0b7 Estrategia Federal de Abordaje Integral de Salud Mental y Consumos problem\u00e1ticos.<\/p>\n","protected":false},"excerpt":{"rendered":"<p>El ministro de Salud P&uacute;blica de Misiones, Dr. Oscar Alarc&oacute;n participa de la reuni&oacute;n del ConsejoFederal de Salud (COFESA) junto a sus pares del resto del pa&iacute;s, encabezada por la&hellip; <\/p>\n","protected":false},"author":3,"featured_media":1122,"comment_status":"closed","ping_status":"open","sticky":false,"template":"","format":"standard","meta":{"_monsterinsights_skip_tracking":false,"_monsterinsights_sitenote_active":false,"_monsterinsights_sitenote_note":"","_monsterinsights_sitenote_category":0},"categories":[3],"tags":[19],"aioseo_notices":[],"_links":{"self":[{"href":"https:\/\/radionewsmisiones.ar\/site\/wp-json\/wp\/v2\/posts\/1120"}],"collection":[{"href":"https:\/\/radionewsmisiones.ar\/site\/wp-json\/wp\/v2\/posts"}],"about":[{"href":"https:\/\/radionewsmisiones.ar\/site\/wp-json\/wp\/v2\/types\/post"}],"author":[{"embeddable":true,"href":"https:\/\/radionewsmisiones.ar\/site\/wp-json\/wp\/v2\/users\/3"}],"replies":[{"embeddable":true,"href":"https:\/\/radionewsmisiones.ar\/site\/wp-json\/wp\/v2\/comments?post=1120"}],"version-history":[{"count":1,"href":"https:\/\/radionewsmisiones.ar\/site\/wp-json\/wp\/v2\/posts\/1120\/revisions"}],"predecessor-version":[{"id":1123,"href":"https:\/\/radionewsmisiones.ar\/site\/wp-json\/wp\/v2\/posts\/1120\/revisions\/1123"}],"wp:featuredmedia":[{"embeddable":true,"href":"https:\/\/radionewsmisiones.ar\/site\/wp-json\/wp\/v2\/media\/1122"}],"wp:attachment":[{"href":"https:\/\/radionewsmisiones.ar\/site\/wp-json\/wp\/v2\/media?parent=1120"}],"wp:term":[{"taxonomy":"category","embeddable":true,"href":"https:\/\/radionewsmisiones.ar\/site\/wp-json\/wp\/v2\/categories?post=1120"},{"taxonomy":"post_tag","embeddable":true,"href":"https:\/\/radionewsmisiones.ar\/site\/wp-json\/wp\/v2\/tags?post=1120"}],"curies":[{"name":"wp","href":"https:\/\/api.w.org\/{rel}","templated":true}]}}