{"id":1125,"date":"2022-08-23T19:14:18","date_gmt":"2022-08-23T22:14:18","guid":{"rendered":"https:\/\/radionewsmisiones.ar\/site\/?p=1125"},"modified":"2022-08-23T19:14:24","modified_gmt":"2022-08-23T22:14:24","slug":"con-agricultura-familiar-prevencion-de-adicciones-y-derechos-humanos-los-diputados-continuaron-el-analisis-del-proyecto-del-presupuesto-provincial-2023","status":"publish","type":"post","link":"https:\/\/radionewsmisiones.ar\/site\/provinciales\/con-agricultura-familiar-prevencion-de-adicciones-y-derechos-humanos-los-diputados-continuaron-el-analisis-del-proyecto-del-presupuesto-provincial-2023\/","title":{"rendered":"Con Agricultura familiar, Prevenci\u00f3n de adicciones y Derechos humanos, los diputados continuaron el an\u00e1lisis del proyecto del Presupuesto Provincial 2023"},"content":{"rendered":"\n<p><strong>Asistieron a la Comisi\u00f3n de Presupuesto de la Legislatura los ministros de Agricultura Familiar, Marta Ferreira; de Prevenci\u00f3n de Adicciones y Control de Drogas, Samuel L\u00f3pez; y de Derechos Humanos, Karina Aguirre. Justificaron ante los diputados las partidas previstas para el a\u00f1o pr\u00f3ximo para los respectivos organismos.<\/strong><\/p>\n\n\n\n<p>Seg\u00fan el proyecto en estudio, remitido por el gobernador de la provincia, en el 2023 se prev\u00e9n destinar a la Secretar\u00eda de Agricultura Familiar 1.935.056.000 pesos, que representar\u00edan un 51 por ciento de incremento respecto de los montos asignados al a\u00f1o en curso.<\/p>\n\n\n\n<figure class=\"wp-block-image size-large\"><img loading=\"lazy\" width=\"1024\" height=\"580\" src=\"https:\/\/radionewsmisiones.ar\/site\/wp-content\/uploads\/2022\/08\/DSC04017-1024x580.jpg\" alt=\"\" class=\"wp-image-1126\" srcset=\"https:\/\/radionewsmisiones.ar\/site\/wp-content\/uploads\/2022\/08\/DSC04017-1024x580.jpg 1024w, https:\/\/radionewsmisiones.ar\/site\/wp-content\/uploads\/2022\/08\/DSC04017-300x170.jpg 300w, https:\/\/radionewsmisiones.ar\/site\/wp-content\/uploads\/2022\/08\/DSC04017-768x435.jpg 768w, https:\/\/radionewsmisiones.ar\/site\/wp-content\/uploads\/2022\/08\/DSC04017-1536x870.jpg 1536w, https:\/\/radionewsmisiones.ar\/site\/wp-content\/uploads\/2022\/08\/DSC04017.jpg 1600w\" sizes=\"(max-width: 1024px) 100vw, 1024px\" \/><\/figure>\n\n\n\n<p>Respecto del destino que prev\u00e9n dar a esos fondos, Ferreira explic\u00f3 que, adem\u00e1s de fortalecer lo que se viene haciendo, pretenden \u201ctrabajar mucho en lo que es econom\u00eda del conocimiento, capacitaciones con los t\u00e9cnicos de los municipios para que vayan actuando desde sus equipos y tambi\u00e9n con presupuesto para el sector de sus agricultores familiares, y nosotros fortalecer a sus equipos humanos\u00bb.<\/p>\n\n\n\n<p>Precis\u00f3 que est\u00e1n trabajando \u201cen trayectos formativos para mujeres rurales\u201d y en \u201cincorporar m\u00e1s herramientas y tecnolog\u00eda a las chacras\u201d, adem\u00e1s de continuar con el \u201csistema de riego automatizado para cultivos intensivos y extensivos\u201d.<\/p>\n\n\n\n<p>La ministra afirm\u00f3 que buscan \u201cgenerar nuevos grupos semilleros de agricultores para el desaf\u00edo de la soberan\u00eda alimentaria, que implica tener tambi\u00e9n semillas propias\u201d.<\/p>\n\n\n\n<p>Adem\u00e1s, apuntan a \u201cmejorar todos los espacios de venta de las ferias francas y las producciones en las chacras, con invernaderos modelo hechos desde cero con madera fuerte, con dise\u00f1os que ayuden a amortiguar mejor los efectos de las tormentas\u201d.<\/p>\n\n\n\n<p>Asimismo, a \u201cfortalecer todo lo que es producci\u00f3n animal con inseminaci\u00f3n artificial, entregando los insumos que se solicitan\u201d, al igual que \u201cincorporar gallineros m\u00f3viles, para que las gallinas pasten\u201d.<\/p>\n\n\n\n<p>A\u00f1adi\u00f3 que se busca \u201cseguir insistiendo con el bienestar animal, pero con el concepto de animales felices\u201d y que se sigue \u201cinvestigando en alimentaci\u00f3n alternativa para animales\u201d.<\/p>\n\n\n\n<p>\u201cQueremos dar continuidad a las escuelas de formaci\u00f3n de agricultura familiar para agentes municipales, facilitadores territoriales de la soberan\u00eda alimentaria\u201d, expres\u00f3.<\/p>\n\n\n\n<p>Destac\u00f3 que \u201clos municipios empiezan a darse cuenta de su rol y est\u00e1n armando sus propias plantineras, y que \u201clas instituciones p\u00fablicas est\u00e1n teniendo sus propias ferias francas\u201d.<\/p>\n\n\n\n<p>\u201cVamos a ir fortaleciendo esos espacios, con innovaci\u00f3n para la agricultura familiar, para que la tecnolog\u00eda adaptada pueda alivianar el trabajo de los productores\u201d, rese\u00f1\u00f3.<\/p>\n\n\n\n<p><strong>Prevenci\u00f3n de adicciones<\/strong><\/p>\n\n\n\n<p>A la Secretar\u00eda de Estado de Prevenci\u00f3n de Adicciones y Control de Drogas se destinar\u00edan el a\u00f1o pr\u00f3ximo 1.235.144.000 pesos, que corresponder\u00edan a un incremento del 65,57 por ciento en comparaci\u00f3n con este a\u00f1o.<\/p>\n\n\n\n<p>L\u00f3pez dijo que los fondos se destinar\u00e1n \u201cprincipalmente a lo que tiene que ver con recursos humanos y con varios espacios que se van a estar habilitando en este segundo semestre del a\u00f1o y tambi\u00e9n en el pr\u00f3ximo a\u00f1o, como ser centros especializados en atenci\u00f3n de las adicciones y hogares de d\u00eda\u201d.<\/p>\n\n\n\n<p>Precis\u00f3 que se emplazar\u00e1n \u201cen Posadas, algo que pretende ser modelo en la regi\u00f3n del NEA; y tambi\u00e9n en San Pedro, San Vicente y San Javier, los que ya est\u00e1n en construcci\u00f3n y han empezado las obras de ejecuci\u00f3n\u201d.<\/p>\n\n\n\n<p><strong>Derechos Humanos<\/strong><\/p>\n\n\n\n<p>Al Ministerio de Derechos Humanos se prev\u00e9n destinar 880.224.000 pesos, que implican un aumento del 65,12 por ciento en comparaci\u00f3n con los fondos que recibieron este a\u00f1o.<\/p>\n\n\n\n<p>Para Aguirre los ejes del pr\u00f3ximo a\u00f1o ser\u00e1n \u201ccontinuar trabajando para mantener viva la memoria, la verdad y justicia\u201d.<\/p>\n\n\n\n<p>\u201cSiempre es importante trabajar la cultura, para a trav\u00e9s de ella poder llegar a comunicar todo lo que fue la lucha, y lo que se viene haciendo con relaci\u00f3n a los ex presos pol\u00edticos\u201d, indic\u00f3.<\/p>\n\n\n\n<p>\u201cTenemos los derechos humanos integrales, que tienen que ver con igualdad de oportunidades, trabajar con las personas mayores y las discapacidades, entonces realmente es muy ambicioso\u201d, destac\u00f3.<\/p>\n\n\n\n<p>\u201cTrabajaremos por esa pol\u00edtica de gobierno que se viene llevando adelante desde el Gobierno de Misiones por pedido especial del conductor Carlos Rovira y del Gobernador Oscar Herrera Ahuad, que es estar cerca de la gente, acompa\u00f1ar y dar respuestas, que es algo primordial\u201d, resalt\u00f3.<\/p>\n\n\n\n<p>\u201cEs todo un desaf\u00edo trabajar en la lucha contra la trata de personas, por los derechos humanos que son fundamentales, que tienen que ver con la vida de cada misionero y misionera, porque tienen que ver con la tecnolog\u00eda, el agua, la vivienda\u2026 con todo aquello que vivimos en el d\u00eda a d\u00eda\u201d.<\/p>\n","protected":false},"excerpt":{"rendered":"<p>Asistieron a la Comisi&oacute;n de Presupuesto de la Legislatura los ministros de Agricultura Familiar, Marta Ferreira; de Prevenci&oacute;n de Adicciones y Control de Drogas, Samuel L&oacute;pez; y de Derechos Humanos,&hellip; <\/p>\n","protected":false},"author":3,"featured_media":1127,"comment_status":"closed","ping_status":"open","sticky":false,"template":"","format":"standard","meta":{"_monsterinsights_skip_tracking":false,"_monsterinsights_sitenote_active":false,"_monsterinsights_sitenote_note":"","_monsterinsights_sitenote_category":0},"categories":[3],"tags":[7],"aioseo_notices":[],"_links":{"self":[{"href":"https:\/\/radionewsmisiones.ar\/site\/wp-json\/wp\/v2\/posts\/1125"}],"collection":[{"href":"https:\/\/radionewsmisiones.ar\/site\/wp-json\/wp\/v2\/posts"}],"about":[{"href":"https:\/\/radionewsmisiones.ar\/site\/wp-json\/wp\/v2\/types\/post"}],"author":[{"embeddable":true,"href":"https:\/\/radionewsmisiones.ar\/site\/wp-json\/wp\/v2\/users\/3"}],"replies":[{"embeddable":true,"href":"https:\/\/radionewsmisiones.ar\/site\/wp-json\/wp\/v2\/comments?post=1125"}],"version-history":[{"count":1,"href":"https:\/\/radionewsmisiones.ar\/site\/wp-json\/wp\/v2\/posts\/1125\/revisions"}],"predecessor-version":[{"id":1128,"href":"https:\/\/radionewsmisiones.ar\/site\/wp-json\/wp\/v2\/posts\/1125\/revisions\/1128"}],"wp:featuredmedia":[{"embeddable":true,"href":"https:\/\/radionewsmisiones.ar\/site\/wp-json\/wp\/v2\/media\/1127"}],"wp:attachment":[{"href":"https:\/\/radionewsmisiones.ar\/site\/wp-json\/wp\/v2\/media?parent=1125"}],"wp:term":[{"taxonomy":"category","embeddable":true,"href":"https:\/\/radionewsmisiones.ar\/site\/wp-json\/wp\/v2\/categories?post=1125"},{"taxonomy":"post_tag","embeddable":true,"href":"https:\/\/radionewsmisiones.ar\/site\/wp-json\/wp\/v2\/tags?post=1125"}],"curies":[{"name":"wp","href":"https:\/\/api.w.org\/{rel}","templated":true}]}}