{"id":1133,"date":"2022-08-23T19:23:04","date_gmt":"2022-08-23T22:23:04","guid":{"rendered":"https:\/\/radionewsmisiones.ar\/site\/?p=1133"},"modified":"2022-08-23T19:23:13","modified_gmt":"2022-08-23T22:23:13","slug":"el-mensaje-de-la-vicepresidente-nada-de-lo-que-dijeron-los-fiscales-fue-probado","status":"publish","type":"post","link":"https:\/\/radionewsmisiones.ar\/site\/nacionales\/el-mensaje-de-la-vicepresidente-nada-de-lo-que-dijeron-los-fiscales-fue-probado\/","title":{"rendered":"El mensaje de la Vicepresidente: \u00abNada de lo que dijeron los fiscales fue probado\u00bb"},"content":{"rendered":"\n<p>\u00abEsto es lo que quer\u00eda decir en el tribunal.\u00a0Mostrarles lo que hab\u00eda encontrado a los fiscales y preguntar c\u00f3mo fue que no siguieron investigando de donde ven\u00edan los 9 millones de d\u00f3lares que Jos\u00e9 L\u00f3pez intent\u00f3 ocultar en un convento\u00bb, dijo la expresidenta al finalizar su mensaje que fue seguido por miles de usuarios de Youtube.<\/p>\n\n\n\n<figure class=\"wp-block-embed is-type-video is-provider-youtube wp-block-embed-youtube wp-embed-aspect-16-9 wp-has-aspect-ratio\"><div class=\"wp-block-embed__wrapper\">\n<iframe loading=\"lazy\" title=\"Derecho de Defensa. Causa vialidad.\" width=\"1110\" height=\"624\" src=\"https:\/\/www.youtube.com\/embed\/aNtbi1tSiWo?feature=oembed\" frameborder=\"0\" allow=\"accelerometer; autoplay; clipboard-write; encrypted-media; gyroscope; picture-in-picture\" allowfullscreen><\/iframe>\n<\/div><\/figure>\n\n\n\n<p>La exmandataria cuestion\u00f3 adem\u00e1s la \u00abferoz campa\u00f1a pol\u00edtica y medi\u00e1tica\u00bb montada en el marco del juicio denominado Vialidad, al realizar su \u00abderecho de defensa\u00bb, y asegur\u00f3 que el juicio denominado Vialidad \u00abempez\u00f3 con una ficci\u00f3n, un gui\u00f3n que adem\u00e1s de bastante malo, era falso\u00bb ya que \u00abnada de lo que dijeron los fiscales fue probado sino que, al contrario, se comprob\u00f3 que era exactamente al rev\u00e9s de lo que se dec\u00eda\u00bb.<\/p>\n\n\n\n<p>En otro pasaje, Fern\u00e1ndez de Kirchner afirm\u00f3 que\u00a0\u00abdesde el 2019\u00bb viene asegurando que la causa Vialidad \u00abest\u00e1 armada\u00bb, y dijo que \u00abmuchos de los testimonios propuestos por los fiscales Sergio Mola y Diego Luciani finalmente colapsaron\u00bb en el marco del juicio, al tiempo que cuestion\u00f3 la cobertura del caso de los diarios Clar\u00edn y La Naci\u00f3n, a los que tild\u00f3 de ser \u00ablas dos naves insignias del &#8216;lawfare'\u00bb.<\/p>\n","protected":false},"excerpt":{"rendered":"<p>&laquo;Esto es lo que quer&iacute;a decir en el tribunal.&nbsp;Mostrarles lo que hab&iacute;a encontrado a los fiscales y preguntar c&oacute;mo fue que no siguieron investigando de donde ven&iacute;an los 9 millones&hellip; <\/p>\n","protected":false},"author":3,"featured_media":1134,"comment_status":"closed","ping_status":"open","sticky":false,"template":"","format":"standard","meta":{"_monsterinsights_skip_tracking":false,"_monsterinsights_sitenote_active":false,"_monsterinsights_sitenote_note":"","_monsterinsights_sitenote_category":0},"categories":[4],"tags":[],"aioseo_notices":[],"_links":{"self":[{"href":"https:\/\/radionewsmisiones.ar\/site\/wp-json\/wp\/v2\/posts\/1133"}],"collection":[{"href":"https:\/\/radionewsmisiones.ar\/site\/wp-json\/wp\/v2\/posts"}],"about":[{"href":"https:\/\/radionewsmisiones.ar\/site\/wp-json\/wp\/v2\/types\/post"}],"author":[{"embeddable":true,"href":"https:\/\/radionewsmisiones.ar\/site\/wp-json\/wp\/v2\/users\/3"}],"replies":[{"embeddable":true,"href":"https:\/\/radionewsmisiones.ar\/site\/wp-json\/wp\/v2\/comments?post=1133"}],"version-history":[{"count":1,"href":"https:\/\/radionewsmisiones.ar\/site\/wp-json\/wp\/v2\/posts\/1133\/revisions"}],"predecessor-version":[{"id":1135,"href":"https:\/\/radionewsmisiones.ar\/site\/wp-json\/wp\/v2\/posts\/1133\/revisions\/1135"}],"wp:featuredmedia":[{"embeddable":true,"href":"https:\/\/radionewsmisiones.ar\/site\/wp-json\/wp\/v2\/media\/1134"}],"wp:attachment":[{"href":"https:\/\/radionewsmisiones.ar\/site\/wp-json\/wp\/v2\/media?parent=1133"}],"wp:term":[{"taxonomy":"category","embeddable":true,"href":"https:\/\/radionewsmisiones.ar\/site\/wp-json\/wp\/v2\/categories?post=1133"},{"taxonomy":"post_tag","embeddable":true,"href":"https:\/\/radionewsmisiones.ar\/site\/wp-json\/wp\/v2\/tags?post=1133"}],"curies":[{"name":"wp","href":"https:\/\/api.w.org\/{rel}","templated":true}]}}