{"id":11910,"date":"2023-09-12T18:00:18","date_gmt":"2023-09-12T21:00:18","guid":{"rendered":"https:\/\/radionewsmisiones.ar\/site\/?p=11910"},"modified":"2023-09-12T18:00:25","modified_gmt":"2023-09-12T21:00:25","slug":"massa-llamo-a-defender-en-el-congreso-el-sistema-educativo-ante-quienes-quieren-recortar","status":"publish","type":"post","link":"https:\/\/radionewsmisiones.ar\/site\/nacionales\/massa-llamo-a-defender-en-el-congreso-el-sistema-educativo-ante-quienes-quieren-recortar\/","title":{"rendered":"Massa llam\u00f3 \u00aba defender en el Congreso el sistema educativo\u00bb ante quienes \u00abquieren recortar\u00bb"},"content":{"rendered":"\n<p>El ministro de Econom\u00eda y candidato a presidente por Uni\u00f3n por la Patria (UxP), Sergio Massa, llam\u00f3 este martes a defender la educaci\u00f3n en el Congreso ante quienes \u00abquieren recortarla\u00bb y remarc\u00f3 que invertir en el \u00e1rea es \u00abla mejor inversi\u00f3n que puede hacer una sociedad\u00bb, al presentar el proyecto de Ley de Financiamiento Educativo junto a su pares en Educaci\u00f3n, Jaime Perczyk, e Interior, Eduardo de Pedro, durante un acto que se desarroll\u00f3 en el Centro Cultural Kirchner (CCK).<\/p>\n\n\n\n<figure class=\"wp-block-embed is-type-video is-provider-youtube wp-block-embed-youtube wp-embed-aspect-16-9 wp-has-aspect-ratio\"><div class=\"wp-block-embed__wrapper\">\n<iframe loading=\"lazy\" title=\"Presentaci\u00f3n del proyecto de Ley de Financiamiento Educativo\" width=\"1110\" height=\"624\" src=\"https:\/\/www.youtube.com\/embed\/Bn_cIsH6WtY?feature=oembed\" frameborder=\"0\" allow=\"accelerometer; autoplay; clipboard-write; encrypted-media; gyroscope; picture-in-picture; web-share\" allowfullscreen><\/iframe>\n<\/div><\/figure>\n\n\n\n<p>\u00abNosotros vamos a aumentar la inversi\u00f3n en el sistema educativo porque creemos que es la mejor inversi\u00f3n que puede hacer una sociedad\u00bb, sostuvo Massa al encabezar este encuentro, en el cual se anunci\u00f3 un proyecto que establece un aumento anual en el financiamiento educativo hasta alcanzar el 8 por ciento del PBI en 2030.<\/p>\n\n\n\n<p>La iniciativa propone incrementar en dos puntos la legislaci\u00f3n vigente -que desde 2005 fij\u00f3 la inversi\u00f3n anual en educaci\u00f3n en el 6 por ciento del PBI -destinando un 6,5 por ciento a la cobertura de la educaci\u00f3n entre los 45 d\u00edas a 3 a\u00f1os, la obligatoria y en nivel superior de formaci\u00f3n docente y un 1,5 porciento a la educaci\u00f3n universitaria. <\/p>\n","protected":false},"excerpt":{"rendered":"<p>El ministro de Econom&iacute;a y candidato a presidente por Uni&oacute;n por la Patria (UxP), Sergio Massa, llam&oacute; este martes a defender la educaci&oacute;n en el Congreso ante quienes &laquo;quieren recortarla&raquo;&hellip; <\/p>\n","protected":false},"author":3,"featured_media":11911,"comment_status":"closed","ping_status":"open","sticky":false,"template":"","format":"standard","meta":{"_monsterinsights_skip_tracking":false,"_monsterinsights_sitenote_active":false,"_monsterinsights_sitenote_note":"","_monsterinsights_sitenote_category":0},"categories":[4],"tags":[26],"aioseo_notices":[],"_links":{"self":[{"href":"https:\/\/radionewsmisiones.ar\/site\/wp-json\/wp\/v2\/posts\/11910"}],"collection":[{"href":"https:\/\/radionewsmisiones.ar\/site\/wp-json\/wp\/v2\/posts"}],"about":[{"href":"https:\/\/radionewsmisiones.ar\/site\/wp-json\/wp\/v2\/types\/post"}],"author":[{"embeddable":true,"href":"https:\/\/radionewsmisiones.ar\/site\/wp-json\/wp\/v2\/users\/3"}],"replies":[{"embeddable":true,"href":"https:\/\/radionewsmisiones.ar\/site\/wp-json\/wp\/v2\/comments?post=11910"}],"version-history":[{"count":1,"href":"https:\/\/radionewsmisiones.ar\/site\/wp-json\/wp\/v2\/posts\/11910\/revisions"}],"predecessor-version":[{"id":11912,"href":"https:\/\/radionewsmisiones.ar\/site\/wp-json\/wp\/v2\/posts\/11910\/revisions\/11912"}],"wp:featuredmedia":[{"embeddable":true,"href":"https:\/\/radionewsmisiones.ar\/site\/wp-json\/wp\/v2\/media\/11911"}],"wp:attachment":[{"href":"https:\/\/radionewsmisiones.ar\/site\/wp-json\/wp\/v2\/media?parent=11910"}],"wp:term":[{"taxonomy":"category","embeddable":true,"href":"https:\/\/radionewsmisiones.ar\/site\/wp-json\/wp\/v2\/categories?post=11910"},{"taxonomy":"post_tag","embeddable":true,"href":"https:\/\/radionewsmisiones.ar\/site\/wp-json\/wp\/v2\/tags?post=11910"}],"curies":[{"name":"wp","href":"https:\/\/api.w.org\/{rel}","templated":true}]}}