{"id":11933,"date":"2023-09-13T07:37:36","date_gmt":"2023-09-13T10:37:36","guid":{"rendered":"https:\/\/radionewsmisiones.ar\/site\/?p=11933"},"modified":"2023-09-13T07:37:40","modified_gmt":"2023-09-13T10:37:40","slug":"gestion-municipal-el-vicegobernador-arce-participo-del-inicio-de-las-jornadas-de-desarrollo-local-en-alem","status":"publish","type":"post","link":"https:\/\/radionewsmisiones.ar\/site\/provinciales\/gestion-municipal-el-vicegobernador-arce-participo-del-inicio-de-las-jornadas-de-desarrollo-local-en-alem\/","title":{"rendered":"Gesti\u00f3n Municipal: El vicegobernador Arce particip\u00f3 del inicio de las Jornadas de Desarrollo Local en Alem"},"content":{"rendered":"\n<p>Se realizan desde hoy hasta el 13 de septiembre en Leandro N. Alem las Jornadas de Desarrollo Local, hoy con la presencia del Vicegobernador Carlos Arce quien destac\u00f3 la importancia de capacitar a funcionarios municipales, concejales y sus equipos t\u00e9cnicos apuntando a mejorar la calidad de vida de misioneros y misioneras desde este \u00e1mbito.<\/p>\n\n\n\n<figure class=\"wp-block-image size-large\"><img loading=\"lazy\" width=\"1024\" height=\"684\" src=\"https:\/\/radionewsmisiones.ar\/site\/wp-content\/uploads\/2023\/09\/WhatsApp-Image-2023-09-12-at-22.32.12-1024x684.jpeg\" alt=\"\" class=\"wp-image-11934\" srcset=\"https:\/\/radionewsmisiones.ar\/site\/wp-content\/uploads\/2023\/09\/WhatsApp-Image-2023-09-12-at-22.32.12-1024x684.jpeg 1024w, https:\/\/radionewsmisiones.ar\/site\/wp-content\/uploads\/2023\/09\/WhatsApp-Image-2023-09-12-at-22.32.12-300x200.jpeg 300w, https:\/\/radionewsmisiones.ar\/site\/wp-content\/uploads\/2023\/09\/WhatsApp-Image-2023-09-12-at-22.32.12-768x513.jpeg 768w, https:\/\/radionewsmisiones.ar\/site\/wp-content\/uploads\/2023\/09\/WhatsApp-Image-2023-09-12-at-22.32.12-1536x1026.jpeg 1536w, https:\/\/radionewsmisiones.ar\/site\/wp-content\/uploads\/2023\/09\/WhatsApp-Image-2023-09-12-at-22.32.12.jpeg 1600w\" sizes=\"(max-width: 1024px) 100vw, 1024px\" \/><\/figure>\n\n\n\n<p>Este martes en el ITEC con importante concurrencia de ediles y equipos de 11 Municipios iniciaron estas Jornadas con el acompa\u00f1amiento del Vicegobernador Carlos Arce, intendentes electos, de Alem Mat\u00edas Sebely, de Arist\u00f3bulo del Valle Enzo Paoletta, el presidente de CIMA Juan Jos\u00e9 Mac Donald, el presidente de ACEP Oscar Ensinck, el director de ACEP Posadas Joaqu\u00edn Cabral y la representante de la Fundaci\u00f3n Konrad Adenauer en Argentina Susanne K\u00e4ss.<\/p>\n\n\n\n<p>Las localidades de Alem, Arist\u00f3bulo del Valle, Bonpland, San Javier, Garuhap\u00e9, Campo Grande, Campo Viera, Almafuerte, Salto Encantado, Concepci\u00f3n de la Sierra y Moj\u00f3n Grande participan en este encuentro dirigido a funcionarios municipales; intendentes, ediles y sus equipos t\u00e9cnicos.<\/p>\n\n\n\n<p>Estos cursos de gesti\u00f3n municipal son organizados por la ACEP (Asociaci\u00f3n Civil de Estudios Populares), KAS (Konrad Adenauer ), CIMA(Centro de Investigaciones Municipales Aplicadas) y el Ministerio de Gobierno a Trav\u00e9s de la Subse de Asuntos Municipales.<\/p>\n\n\n\n<p>Durante las Jornadas se trabajan temas como optimizaci\u00f3n de la gesti\u00f3n municipal, t\u00e9cnica legislativa, presupuesto municipal, el poder de la comunicaci\u00f3n no verbal, identidad municipal y su comunicaci\u00f3n eficaz para taller participativo de desarrollo local.<\/p>\n","protected":false},"excerpt":{"rendered":"<p>Se realizan desde hoy hasta el 13 de septiembre en Leandro N. Alem las Jornadas de Desarrollo Local, hoy con la presencia del Vicegobernador Carlos Arce quien destac&oacute; la importancia&hellip; <\/p>\n","protected":false},"author":3,"featured_media":11935,"comment_status":"closed","ping_status":"open","sticky":false,"template":"","format":"standard","meta":{"_monsterinsights_skip_tracking":false,"_monsterinsights_sitenote_active":false,"_monsterinsights_sitenote_note":"","_monsterinsights_sitenote_category":0},"categories":[3],"tags":[],"aioseo_notices":[],"_links":{"self":[{"href":"https:\/\/radionewsmisiones.ar\/site\/wp-json\/wp\/v2\/posts\/11933"}],"collection":[{"href":"https:\/\/radionewsmisiones.ar\/site\/wp-json\/wp\/v2\/posts"}],"about":[{"href":"https:\/\/radionewsmisiones.ar\/site\/wp-json\/wp\/v2\/types\/post"}],"author":[{"embeddable":true,"href":"https:\/\/radionewsmisiones.ar\/site\/wp-json\/wp\/v2\/users\/3"}],"replies":[{"embeddable":true,"href":"https:\/\/radionewsmisiones.ar\/site\/wp-json\/wp\/v2\/comments?post=11933"}],"version-history":[{"count":1,"href":"https:\/\/radionewsmisiones.ar\/site\/wp-json\/wp\/v2\/posts\/11933\/revisions"}],"predecessor-version":[{"id":11936,"href":"https:\/\/radionewsmisiones.ar\/site\/wp-json\/wp\/v2\/posts\/11933\/revisions\/11936"}],"wp:featuredmedia":[{"embeddable":true,"href":"https:\/\/radionewsmisiones.ar\/site\/wp-json\/wp\/v2\/media\/11935"}],"wp:attachment":[{"href":"https:\/\/radionewsmisiones.ar\/site\/wp-json\/wp\/v2\/media?parent=11933"}],"wp:term":[{"taxonomy":"category","embeddable":true,"href":"https:\/\/radionewsmisiones.ar\/site\/wp-json\/wp\/v2\/categories?post=11933"},{"taxonomy":"post_tag","embeddable":true,"href":"https:\/\/radionewsmisiones.ar\/site\/wp-json\/wp\/v2\/tags?post=11933"}],"curies":[{"name":"wp","href":"https:\/\/api.w.org\/{rel}","templated":true}]}}