{"id":11937,"date":"2023-09-13T07:39:05","date_gmt":"2023-09-13T10:39:05","guid":{"rendered":"https:\/\/radionewsmisiones.ar\/site\/?p=11937"},"modified":"2023-09-13T07:39:10","modified_gmt":"2023-09-13T10:39:10","slug":"arce-destaco-el-acompanamiento-a-emprendedores-misioneros-coordinando-acciones-entre-municipio-provincia-y-nacion","status":"publish","type":"post","link":"https:\/\/radionewsmisiones.ar\/site\/provinciales\/arce-destaco-el-acompanamiento-a-emprendedores-misioneros-coordinando-acciones-entre-municipio-provincia-y-nacion\/","title":{"rendered":"Arce destac\u00f3 el acompa\u00f1amiento a emprendedores misioneros coordinando acciones entre Municipio, Provincia y Naci\u00f3n"},"content":{"rendered":"\n<p>Esta tarde 27 emprendedores y emprendedoras beneficiarios del Programa Banco de maquinarias, herramientas y materiales para la Emergencia Social compartieron sus historias con el Vicegobernador Carlos Arce, qui\u00e9n reafirm\u00f3 el compromiso desde el Gobierno Provincial de acompa\u00f1ar a misioneras y misioneros a seguir produciendo.<\/p>\n\n\n\n<figure class=\"wp-block-image size-large\"><img loading=\"lazy\" width=\"1024\" height=\"684\" src=\"https:\/\/radionewsmisiones.ar\/site\/wp-content\/uploads\/2023\/09\/WhatsApp-Image-2023-09-12-at-21.24.221-1024x684.jpeg\" alt=\"\" class=\"wp-image-11938\" srcset=\"https:\/\/radionewsmisiones.ar\/site\/wp-content\/uploads\/2023\/09\/WhatsApp-Image-2023-09-12-at-21.24.221-1024x684.jpeg 1024w, https:\/\/radionewsmisiones.ar\/site\/wp-content\/uploads\/2023\/09\/WhatsApp-Image-2023-09-12-at-21.24.221-300x200.jpeg 300w, https:\/\/radionewsmisiones.ar\/site\/wp-content\/uploads\/2023\/09\/WhatsApp-Image-2023-09-12-at-21.24.221-768x513.jpeg 768w, https:\/\/radionewsmisiones.ar\/site\/wp-content\/uploads\/2023\/09\/WhatsApp-Image-2023-09-12-at-21.24.221.jpeg 1280w\" sizes=\"(max-width: 1024px) 100vw, 1024px\" \/><\/figure>\n\n\n\n<p>En la Casa de la Cultura y el Bicentenario se realiz\u00f3 un encuentro m\u00e1s con la presencia del Vicegobernador Carlos Arce, el intendente Waldemar Wollemberg, la delegada del Ministerio de Desarrollo Social de Naci\u00f3n Benilda Dammer y beneficiarios del Programa Banco de maquinarias, herramientas y materiales para la Emergencia Social, en un trabajo coordinado entre los Municipios, la Provincia y Naci\u00f3n.<\/p>\n\n\n\n<p>Esta vez con una inversi\u00f3n de 20 millones de pesos para 27 proyectos en Leandro N. Alem de diferentes rubros como alba\u00f1iler\u00eda, peluquer\u00eda, est\u00e9tica, cocina, mec\u00e1nica de autos y motos, carpinter\u00eda y aserraderos que ya est\u00e1n trabajando, lo que genera mayor productividad.<\/p>\n\n\n\n<p>El vicegobernador Carlos Arce se mostr\u00f3 agradecido de ser parte de acciones \u00abque potencian la econom\u00eda familiar, cuando uno ve y nos cuentan c\u00f3mo la pelean diariamente.\u00bb Tambi\u00e9n destac\u00f3 el trabajo coordinado entre los Municipios, el Gobierno Provincial y de Naci\u00f3n.<\/p>\n\n\n\n<p>Arce se refiri\u00f3 tambi\u00e9n a la posibilidad de escuchar, conocer las realidades de cada emprendedor, y este es un beneficio para ambos \u00abque nos indican que este es el camino que debe hacer un Gobierno Provincial, Municipal y tambi\u00e9n Nacional para avanzar en un trabajo digno y el prop\u00f3sito es el crecimiento, tanto de emprendedores como de quienes son consumidores\u00bb.<\/p>\n","protected":false},"excerpt":{"rendered":"<p>Esta tarde 27 emprendedores y emprendedoras beneficiarios del Programa Banco de maquinarias, herramientas y materiales para la Emergencia Social compartieron sus historias con el Vicegobernador Carlos Arce, qui&eacute;n reafirm&oacute; el&hellip; <\/p>\n","protected":false},"author":3,"featured_media":11939,"comment_status":"closed","ping_status":"open","sticky":false,"template":"","format":"standard","meta":{"_monsterinsights_skip_tracking":false,"_monsterinsights_sitenote_active":false,"_monsterinsights_sitenote_note":"","_monsterinsights_sitenote_category":0},"categories":[3],"tags":[154],"aioseo_notices":[],"_links":{"self":[{"href":"https:\/\/radionewsmisiones.ar\/site\/wp-json\/wp\/v2\/posts\/11937"}],"collection":[{"href":"https:\/\/radionewsmisiones.ar\/site\/wp-json\/wp\/v2\/posts"}],"about":[{"href":"https:\/\/radionewsmisiones.ar\/site\/wp-json\/wp\/v2\/types\/post"}],"author":[{"embeddable":true,"href":"https:\/\/radionewsmisiones.ar\/site\/wp-json\/wp\/v2\/users\/3"}],"replies":[{"embeddable":true,"href":"https:\/\/radionewsmisiones.ar\/site\/wp-json\/wp\/v2\/comments?post=11937"}],"version-history":[{"count":1,"href":"https:\/\/radionewsmisiones.ar\/site\/wp-json\/wp\/v2\/posts\/11937\/revisions"}],"predecessor-version":[{"id":11940,"href":"https:\/\/radionewsmisiones.ar\/site\/wp-json\/wp\/v2\/posts\/11937\/revisions\/11940"}],"wp:featuredmedia":[{"embeddable":true,"href":"https:\/\/radionewsmisiones.ar\/site\/wp-json\/wp\/v2\/media\/11939"}],"wp:attachment":[{"href":"https:\/\/radionewsmisiones.ar\/site\/wp-json\/wp\/v2\/media?parent=11937"}],"wp:term":[{"taxonomy":"category","embeddable":true,"href":"https:\/\/radionewsmisiones.ar\/site\/wp-json\/wp\/v2\/categories?post=11937"},{"taxonomy":"post_tag","embeddable":true,"href":"https:\/\/radionewsmisiones.ar\/site\/wp-json\/wp\/v2\/tags?post=11937"}],"curies":[{"name":"wp","href":"https:\/\/api.w.org\/{rel}","templated":true}]}}