{"id":11941,"date":"2023-09-13T08:34:07","date_gmt":"2023-09-13T11:34:07","guid":{"rendered":"https:\/\/radionewsmisiones.ar\/site\/?p=11941"},"modified":"2023-09-13T08:34:13","modified_gmt":"2023-09-13T11:34:13","slug":"junto-a-funcionarios-de-la-subsecretaria-pyme-de-nacion-participamos-en-actividades-vinculadas-con-el-empleo-y-la-produccion","status":"publish","type":"post","link":"https:\/\/radionewsmisiones.ar\/site\/provinciales\/junto-a-funcionarios-de-la-subsecretaria-pyme-de-nacion-participamos-en-actividades-vinculadas-con-el-empleo-y-la-produccion\/","title":{"rendered":"Junto a funcionarios de la Subsecretaria Pyme de Nacion participamos en actividades vinculadas con el empleo y la producci\u00f3n"},"content":{"rendered":"\n<p>D\u00edas atr\u00e1s, junto a Tom\u00e1s Canosa, subsecretario PyME del Ministerio de Econom\u00eda de la Naci\u00f3n Argentina, participamos de un encuentro con empresarios de la Confederaci\u00f3n Econ\u00f3mica de Misiones &#8211; CEM y recorrimos las instalaciones y dialogamos con los trabajadores de distintas empresas misioneras que accedieron a l\u00edneas de cr\u00e9dito productivos impulsadas por la Subsecretar\u00eda.<\/p>\n\n\n\n<figure class=\"wp-block-image size-large\"><img loading=\"lazy\" width=\"1024\" height=\"682\" src=\"https:\/\/radionewsmisiones.ar\/site\/wp-content\/uploads\/2023\/09\/376272646_814573793789959_7082178714673463125_n-1024x682.jpg\" alt=\"\" class=\"wp-image-11942\" srcset=\"https:\/\/radionewsmisiones.ar\/site\/wp-content\/uploads\/2023\/09\/376272646_814573793789959_7082178714673463125_n-1024x682.jpg 1024w, https:\/\/radionewsmisiones.ar\/site\/wp-content\/uploads\/2023\/09\/376272646_814573793789959_7082178714673463125_n-300x200.jpg 300w, https:\/\/radionewsmisiones.ar\/site\/wp-content\/uploads\/2023\/09\/376272646_814573793789959_7082178714673463125_n-768x512.jpg 768w, https:\/\/radionewsmisiones.ar\/site\/wp-content\/uploads\/2023\/09\/376272646_814573793789959_7082178714673463125_n-1536x1023.jpg 1536w, https:\/\/radionewsmisiones.ar\/site\/wp-content\/uploads\/2023\/09\/376272646_814573793789959_7082178714673463125_n.jpg 1600w\" sizes=\"(max-width: 1024px) 100vw, 1024px\" \/><\/figure>\n\n\n\n<p>En la reuni\u00f3n mantenida con la CEM participaron su presidente, Guillermo Fachinello, junto a directivos y asociados de la entidad; y el ministro de Industria de la Provincia, Nicol\u00e1s Trevis\u00e1n. En este marco, junto a la comitiva de funcionarios encabezada por Canosa, compartimos informaci\u00f3n referida a los distintos instrumentos de apoyo a la industria disponibles, entre ellos las l\u00edneas de cr\u00e9dito que cuentan con tasa de inter\u00e9s bonificada por Naci\u00f3n y la Provincia, una herramienta de financiaci\u00f3n productiva que est\u00e1 destinada espec\u00edficamente a PyMEs, que son protagonistas de la generaci\u00f3n de empleo en Misiones y en el pa\u00eds.<\/p>\n\n\n\n<p>Durante la visita tambi\u00e9n se realiz\u00f3 la entrega de certificados de la Diplomatura en Gesti\u00f3n y Direcci\u00f3n de PyMEs de la <a href=\"https:\/\/www.facebook.com\/nexounam?__cft__[0]=AZUj6AL7443sNQ_5uGJWuOxjalEncvX4dD9mB_AJYYsR0np-B1YINM9T2SymEz-BwP843sPxsqWnHf2hMdudPnst2xEU7UgQPW-Df7ghHyA00bankFETxycTmrQlJSz3CAp6JAP-S3D3t_1Kaz5NswczD8hLkKPnLgEzot46fFUCPboLxx5W-FBg39f8-T1jlNI&amp;__tn__=-]K-R\">Universidad Nacional de Misiones<\/a> (UNaM); y visitamos las instalaciones de las industrias <a href=\"https:\/\/www.facebook.com\/heladosduomo?__cft__[0]=AZUj6AL7443sNQ_5uGJWuOxjalEncvX4dD9mB_AJYYsR0np-B1YINM9T2SymEz-BwP843sPxsqWnHf2hMdudPnst2xEU7UgQPW-Df7ghHyA00bankFETxycTmrQlJSz3CAp6JAP-S3D3t_1Kaz5NswczD8hLkKPnLgEzot46fFUCPboLxx5W-FBg39f8-T1jlNI&amp;__tn__=-]K-R\">DUOMO Helados<\/a>, Copahflex y <a href=\"https:\/\/www.facebook.com\/VillalongaIndustrialYComercialSrl?__cft__[0]=AZUj6AL7443sNQ_5uGJWuOxjalEncvX4dD9mB_AJYYsR0np-B1YINM9T2SymEz-BwP843sPxsqWnHf2hMdudPnst2xEU7UgQPW-Df7ghHyA00bankFETxycTmrQlJSz3CAp6JAP-S3D3t_1Kaz5NswczD8hLkKPnLgEzot46fFUCPboLxx5W-FBg39f8-T1jlNI&amp;__tn__=-]K-R\">Villalonga Viviendas Industrializadas<\/a>, empresa maderera en donde adem\u00e1s mantuvimos un encuentro con los trabajadores de la f\u00e1brica, con quienes dialogamos sobre sus expectativas y compartimos la importancia de fortalecer y seguir alimentando el crecimiento del sector industrial misionero.<\/p>\n\n\n\n<p>Canosa estuvo acompa\u00f1ado por Francisco Abramovich, director Nacional de Financiamiento; Pablo Bercovich, director Nacional de Gesti\u00f3n y Pol\u00edtica PyME; Fiorella Robilotta, directora Nacional de Desarrollo Regional PyME; y Jesica Abreu, coordinadora del Programa Capacitar de la Direcci\u00f3n de Desarrollo de Capacidades Productivas.<\/p>\n\n\n\n<p>Quiero agradecer la visita de los funcionarios del Gobierno nacional, con quienes venimos trabajando de forma articulada para seguir generando e implementando herramientas destinadas a potenciar el crecimiento de las empresas y PyMES de Misiones, que recordemos es la provincia del NEA con mayor cantidad de puestos de trabajo registrado, con una alto porcentaje de empleos en nuestro sector industrial.<\/p>\n","protected":false},"excerpt":{"rendered":"<p>D&iacute;as atr&aacute;s, junto a Tom&aacute;s Canosa, subsecretario PyME del Ministerio de Econom&iacute;a de la Naci&oacute;n Argentina, participamos de un encuentro con empresarios de la Confederaci&oacute;n Econ&oacute;mica de Misiones &ndash; CEM&hellip; <\/p>\n","protected":false},"author":3,"featured_media":11943,"comment_status":"closed","ping_status":"open","sticky":false,"template":"","format":"standard","meta":{"_monsterinsights_skip_tracking":false,"_monsterinsights_sitenote_active":false,"_monsterinsights_sitenote_note":"","_monsterinsights_sitenote_category":0},"categories":[3],"tags":[],"aioseo_notices":[],"_links":{"self":[{"href":"https:\/\/radionewsmisiones.ar\/site\/wp-json\/wp\/v2\/posts\/11941"}],"collection":[{"href":"https:\/\/radionewsmisiones.ar\/site\/wp-json\/wp\/v2\/posts"}],"about":[{"href":"https:\/\/radionewsmisiones.ar\/site\/wp-json\/wp\/v2\/types\/post"}],"author":[{"embeddable":true,"href":"https:\/\/radionewsmisiones.ar\/site\/wp-json\/wp\/v2\/users\/3"}],"replies":[{"embeddable":true,"href":"https:\/\/radionewsmisiones.ar\/site\/wp-json\/wp\/v2\/comments?post=11941"}],"version-history":[{"count":1,"href":"https:\/\/radionewsmisiones.ar\/site\/wp-json\/wp\/v2\/posts\/11941\/revisions"}],"predecessor-version":[{"id":11944,"href":"https:\/\/radionewsmisiones.ar\/site\/wp-json\/wp\/v2\/posts\/11941\/revisions\/11944"}],"wp:featuredmedia":[{"embeddable":true,"href":"https:\/\/radionewsmisiones.ar\/site\/wp-json\/wp\/v2\/media\/11943"}],"wp:attachment":[{"href":"https:\/\/radionewsmisiones.ar\/site\/wp-json\/wp\/v2\/media?parent=11941"}],"wp:term":[{"taxonomy":"category","embeddable":true,"href":"https:\/\/radionewsmisiones.ar\/site\/wp-json\/wp\/v2\/categories?post=11941"},{"taxonomy":"post_tag","embeddable":true,"href":"https:\/\/radionewsmisiones.ar\/site\/wp-json\/wp\/v2\/tags?post=11941"}],"curies":[{"name":"wp","href":"https:\/\/api.w.org\/{rel}","templated":true}]}}