{"id":11945,"date":"2023-09-13T08:41:41","date_gmt":"2023-09-13T11:41:41","guid":{"rendered":"https:\/\/radionewsmisiones.ar\/site\/?p=11945"},"modified":"2023-09-13T08:41:46","modified_gmt":"2023-09-13T11:41:46","slug":"el-viernes-comenzaran-a-pagar-los-programas-de-la-oficina-de-empleo","status":"publish","type":"post","link":"https:\/\/radionewsmisiones.ar\/site\/provinciales\/el-viernes-comenzaran-a-pagar-los-programas-de-la-oficina-de-empleo\/","title":{"rendered":"El viernes comenzar\u00e1n a pagar los programas de la Oficina de Empleo"},"content":{"rendered":"\n<p>La Oficina de Empleo de Posadas informa las fechas de pago correspondientes al mes de agosto para los beneficiarios de los programas \u201cJ\u00f3venes con M\u00e1s y Mejor Trabajo\u201d y \u201cSeguro de Capacitaci\u00f3n y Empleo\u201d, que tienen como prop\u00f3sito fundamental proporcionar a los individuos las habilidades esenciales para ingresar al mercado laboral y mejorar su empleabilidad.<\/p>\n\n\n\n<figure class=\"wp-block-image size-large\"><img loading=\"lazy\" width=\"1024\" height=\"691\" src=\"https:\/\/radionewsmisiones.ar\/site\/wp-content\/uploads\/2023\/09\/WhatsApp-Image-2023-09-13-at-08.40.25-1024x691.jpeg\" alt=\"\" class=\"wp-image-11946\" srcset=\"https:\/\/radionewsmisiones.ar\/site\/wp-content\/uploads\/2023\/09\/WhatsApp-Image-2023-09-13-at-08.40.25-1024x691.jpeg 1024w, https:\/\/radionewsmisiones.ar\/site\/wp-content\/uploads\/2023\/09\/WhatsApp-Image-2023-09-13-at-08.40.25-300x203.jpeg 300w, https:\/\/radionewsmisiones.ar\/site\/wp-content\/uploads\/2023\/09\/WhatsApp-Image-2023-09-13-at-08.40.25-768x518.jpeg 768w, https:\/\/radionewsmisiones.ar\/site\/wp-content\/uploads\/2023\/09\/WhatsApp-Image-2023-09-13-at-08.40.25-1536x1037.jpeg 1536w, https:\/\/radionewsmisiones.ar\/site\/wp-content\/uploads\/2023\/09\/WhatsApp-Image-2023-09-13-at-08.40.25.jpeg 1600w\" sizes=\"(max-width: 1024px) 100vw, 1024px\" \/><\/figure>\n\n\n\n<p>Mediante la capacitaci\u00f3n brindada, se equipa a los participantes con herramientas para desarrollar sus capacidades y aptitudes, prepar\u00e1ndolos para afrontar los desaf\u00edos del \u00e1mbito laboral que tambi\u00e9n incluye una retribuci\u00f3n econ\u00f3mica. La misma dar\u00e1 inicio el viernes 15 de septiembre, dirigido a los beneficiarios cuyos n\u00fameros de Documento Nacional de Identidad (DNI) finalicen en 0 y 1.<\/p>\n\n\n\n<p>De manera similar, el lunes 18 de septiembre se llevar\u00e1 a cabo el pago para aquellos cuyos DNI concluyan en 2 y 3. Prosiguiendo con el cronograma, el martes 19 se ejecutar\u00e1 el desembolso para los beneficiarios con DNI terminados en 4 y 5. El mi\u00e9rcoles 20 de este mes corresponder\u00e1 a los DNI finalizados en 6 y 7. El proceso de distribuci\u00f3n de fondos cerrar\u00e1 el jueves 21 de este mes, destinado a los beneficiarios cuyos DNI terminen en 8 y 9.<\/p>\n\n\n\n<p>La Oficina de Empleo de Posadas, en colaboraci\u00f3n con la Agencia Territorial del Ministerio de Trabajo, Empleo y Seguridad Social, ofrece programas de capacitaci\u00f3n y formaci\u00f3n con el prop\u00f3sito de robustecer las habilidades de los j\u00f3venes y simplificar su ingreso a su primera vivencia laboral.<\/p>\n\n\n\n<p>De igual manera, se contin\u00faa trabajando en estrecha sinergia con diversas entidades y organismos, con el objetivo de fomentar el empleo y la educaci\u00f3n de los j\u00f3venes en la ciudad. Para mayor informaci\u00f3n los interesados pueden acercarse a la sede ubicada sobre la avenida Uruguay y calle F\u00e9lix Aguirre, o bien, comunicarse al tel\u00e9fono 44-26414, en el horario de 7 a 19.<\/p>\n","protected":false},"excerpt":{"rendered":"<p>La Oficina de Empleo de Posadas informa las fechas de pago correspondientes al mes de agosto para los beneficiarios de los programas &ldquo;J&oacute;venes con M&aacute;s y Mejor Trabajo&rdquo; y &ldquo;Seguro&hellip; <\/p>\n","protected":false},"author":3,"featured_media":11946,"comment_status":"closed","ping_status":"open","sticky":false,"template":"","format":"standard","meta":{"_monsterinsights_skip_tracking":false,"_monsterinsights_sitenote_active":false,"_monsterinsights_sitenote_note":"","_monsterinsights_sitenote_category":0},"categories":[3],"tags":[22],"aioseo_notices":[],"_links":{"self":[{"href":"https:\/\/radionewsmisiones.ar\/site\/wp-json\/wp\/v2\/posts\/11945"}],"collection":[{"href":"https:\/\/radionewsmisiones.ar\/site\/wp-json\/wp\/v2\/posts"}],"about":[{"href":"https:\/\/radionewsmisiones.ar\/site\/wp-json\/wp\/v2\/types\/post"}],"author":[{"embeddable":true,"href":"https:\/\/radionewsmisiones.ar\/site\/wp-json\/wp\/v2\/users\/3"}],"replies":[{"embeddable":true,"href":"https:\/\/radionewsmisiones.ar\/site\/wp-json\/wp\/v2\/comments?post=11945"}],"version-history":[{"count":1,"href":"https:\/\/radionewsmisiones.ar\/site\/wp-json\/wp\/v2\/posts\/11945\/revisions"}],"predecessor-version":[{"id":11947,"href":"https:\/\/radionewsmisiones.ar\/site\/wp-json\/wp\/v2\/posts\/11945\/revisions\/11947"}],"wp:featuredmedia":[{"embeddable":true,"href":"https:\/\/radionewsmisiones.ar\/site\/wp-json\/wp\/v2\/media\/11946"}],"wp:attachment":[{"href":"https:\/\/radionewsmisiones.ar\/site\/wp-json\/wp\/v2\/media?parent=11945"}],"wp:term":[{"taxonomy":"category","embeddable":true,"href":"https:\/\/radionewsmisiones.ar\/site\/wp-json\/wp\/v2\/categories?post=11945"},{"taxonomy":"post_tag","embeddable":true,"href":"https:\/\/radionewsmisiones.ar\/site\/wp-json\/wp\/v2\/tags?post=11945"}],"curies":[{"name":"wp","href":"https:\/\/api.w.org\/{rel}","templated":true}]}}