{"id":12874,"date":"2023-10-11T07:30:45","date_gmt":"2023-10-11T10:30:45","guid":{"rendered":"https:\/\/radionewsmisiones.ar\/site\/?p=12874"},"modified":"2023-10-11T07:30:59","modified_gmt":"2023-10-11T10:30:59","slug":"diputadas-participaron-de-la-exposicion-final-del-concurso-para-estudiantes-de-escuelas-tecnicas","status":"publish","type":"post","link":"https:\/\/radionewsmisiones.ar\/site\/provinciales\/diputadas-participaron-de-la-exposicion-final-del-concurso-para-estudiantes-de-escuelas-tecnicas\/","title":{"rendered":"Diputadas participaron de la exposici\u00f3n final del concurso para estudiantes de escuelas t\u00e9cnicas"},"content":{"rendered":"\n<p><strong>La legisladora Adriana Bezus, quien asisti\u00f3 acompa\u00f1ada por su pares Laura Duarte, Anazul Centeno y Suzel Vaider, entreg\u00f3 la declaraci\u00f3n de inter\u00e9s provincial realizada por la C\u00e1mara de Representantes de Misiones referida al concurso de econom\u00eda circular \u201cQue circule en las t\u00e9cnicas\u201d. La actividad estuvo destinada a quienes cursan los quintos a\u00f1os del nivel secundario en esa modalidad. Participaron tambi\u00e9n del acto autoridades provinciales y comunidades educativas.<\/strong><\/p>\n\n\n\n<figure class=\"wp-block-image size-large\"><img loading=\"lazy\" width=\"1024\" height=\"577\" src=\"https:\/\/radionewsmisiones.ar\/site\/wp-content\/uploads\/2023\/10\/DSC02948-1024x577.jpg\" alt=\"\" class=\"wp-image-12875\" srcset=\"https:\/\/radionewsmisiones.ar\/site\/wp-content\/uploads\/2023\/10\/DSC02948-1024x577.jpg 1024w, https:\/\/radionewsmisiones.ar\/site\/wp-content\/uploads\/2023\/10\/DSC02948-300x169.jpg 300w, https:\/\/radionewsmisiones.ar\/site\/wp-content\/uploads\/2023\/10\/DSC02948-768x433.jpg 768w, https:\/\/radionewsmisiones.ar\/site\/wp-content\/uploads\/2023\/10\/DSC02948-1536x866.jpg 1536w, https:\/\/radionewsmisiones.ar\/site\/wp-content\/uploads\/2023\/10\/DSC02948-2048x1154.jpg 2048w\" sizes=\"(max-width: 1024px) 100vw, 1024px\" \/><\/figure>\n\n\n\n<p>El objetivo de este concurso fue promover en los estudiantes de la modalidad t\u00e9cnica la iniciativa emprendedora y la cultura de la econom\u00eda circular, para motivarlos a materializar sus ideas de manera tal que tengan el potencial de ser escalables a niveles industriales. Participaron m\u00e1s de 250 estudiantes de diferentes localidades de la provincia, quienes presentaron sus ideas en esta exposici\u00f3n final.<\/p>\n\n\n\n<p>Bezus destac\u00f3 que los j\u00f3venes est\u00e9n \u201cpensando en un futuro y deline\u00e1ndolo, con libertad y acompa\u00f1amiento del Estado\u201d.<\/p>\n\n\n\n<p>\u201cLos misioneros&nbsp; y misioneras somos absolutamente resilientes, empujamos, avanzamos, emprendemos, nos comprometemos, nos responsabilizamos y llevamos adelante todo lo que nos proponemos\u201d, asegur\u00f3.<\/p>\n\n\n\n<p>Duarte dijo que los j\u00f3venes \u201ctienen el protagonismo, son los que van definiendo lo que vamos a hacer&nbsp; de aqu\u00ed en adelante y van delineando la provincia y el pa\u00eds que quieren construir\u201d.<\/p>\n\n\n\n<p>\u201cLos prototipos del concurso son negocios para otros que podr\u00edan llegar a tomar estas ideas, debemos plasmarlas y ofrecerlas a la ciudadan\u00eda y comunidad, con la incorporaci\u00f3n de la tecnolog\u00eda, con las leyes vigentes en nuestra provincia\u201d, expres\u00f3.<\/p>\n\n\n\n<p>\u201cNo ser\u00eda posible sin un Gobierno y un Estado presentes, donde la educaci\u00f3n p\u00fablica est\u00e1 al tope de la agenda y tienen financiamiento adecuado para darle continuidad\u201d, afirm\u00f3 Duarte.<\/p>\n\n\n\n<p>El ministro de Educaci\u00f3n, Miguel Sedoff, se\u00f1al\u00f3 que \u201cla creatividad est\u00e1 siempre presente en las escuelas, y el progreso de las civilizaciones se basa siempre en las ideas, y la escuela es el mejor lugar donde se puede desarrollar esa capacidad de aprender a crear, ahora con un desaf\u00edo tecnol\u00f3gico; como la inteligencia artificial se est\u00e1 transformando en un aprender a aumentar nuestra inteligencia biol\u00f3gica, debemos desarrollar nuestras ideas, que no es solamente aplicar los conocimientos que tenemos, sino aplicar nuevas conexiones a esos conocimientos\u201d, agreg\u00f3.<\/p>\n\n\n\n<p>La secretaria de Agricultura Familiar, Marta Ferreira, destac\u00f3 la creatividad y el ingenio demostrados en el concurso por los estudiantes t\u00e9cnicos.&nbsp;\u201cNos sentimos muy felices porque en ustedes vemos que comienza a aflorar un presente y un futuro con esperanza, con mucha creatividad, con el cuidado de nuestro ambiente y la econom\u00eda circular, que es tan importante en estos tiempos\u201d, a\u00f1adi\u00f3.<\/p>\n","protected":false},"excerpt":{"rendered":"<p>La legisladora Adriana Bezus, quien asisti&oacute; acompa&ntilde;ada por su pares Laura Duarte, Anazul Centeno y Suzel Vaider, entreg&oacute; la declaraci&oacute;n de inter&eacute;s provincial realizada por la C&aacute;mara de Representantes de&hellip; <\/p>\n","protected":false},"author":3,"featured_media":12876,"comment_status":"closed","ping_status":"open","sticky":false,"template":"","format":"standard","meta":{"_monsterinsights_skip_tracking":false,"_monsterinsights_sitenote_active":false,"_monsterinsights_sitenote_note":"","_monsterinsights_sitenote_category":0},"categories":[3],"tags":[7],"aioseo_notices":[],"_links":{"self":[{"href":"https:\/\/radionewsmisiones.ar\/site\/wp-json\/wp\/v2\/posts\/12874"}],"collection":[{"href":"https:\/\/radionewsmisiones.ar\/site\/wp-json\/wp\/v2\/posts"}],"about":[{"href":"https:\/\/radionewsmisiones.ar\/site\/wp-json\/wp\/v2\/types\/post"}],"author":[{"embeddable":true,"href":"https:\/\/radionewsmisiones.ar\/site\/wp-json\/wp\/v2\/users\/3"}],"replies":[{"embeddable":true,"href":"https:\/\/radionewsmisiones.ar\/site\/wp-json\/wp\/v2\/comments?post=12874"}],"version-history":[{"count":1,"href":"https:\/\/radionewsmisiones.ar\/site\/wp-json\/wp\/v2\/posts\/12874\/revisions"}],"predecessor-version":[{"id":12877,"href":"https:\/\/radionewsmisiones.ar\/site\/wp-json\/wp\/v2\/posts\/12874\/revisions\/12877"}],"wp:featuredmedia":[{"embeddable":true,"href":"https:\/\/radionewsmisiones.ar\/site\/wp-json\/wp\/v2\/media\/12876"}],"wp:attachment":[{"href":"https:\/\/radionewsmisiones.ar\/site\/wp-json\/wp\/v2\/media?parent=12874"}],"wp:term":[{"taxonomy":"category","embeddable":true,"href":"https:\/\/radionewsmisiones.ar\/site\/wp-json\/wp\/v2\/categories?post=12874"},{"taxonomy":"post_tag","embeddable":true,"href":"https:\/\/radionewsmisiones.ar\/site\/wp-json\/wp\/v2\/tags?post=12874"}],"curies":[{"name":"wp","href":"https:\/\/api.w.org\/{rel}","templated":true}]}}