{"id":12878,"date":"2023-10-11T08:31:09","date_gmt":"2023-10-11T11:31:09","guid":{"rendered":"https:\/\/radionewsmisiones.ar\/site\/?p=12878"},"modified":"2023-10-11T08:31:16","modified_gmt":"2023-10-11T11:31:16","slug":"esta-solido-el-sistema-financiero","status":"publish","type":"post","link":"https:\/\/radionewsmisiones.ar\/site\/provinciales\/esta-solido-el-sistema-financiero\/","title":{"rendered":"\u00bfEst\u00e1 s\u00f3lido el sistema financiero?"},"content":{"rendered":"\n<p>El Secretario general del sindicato La Bancaria filial Misiones, Jos\u00e9 Luis Ruiz Moreno, en di\u00e1logo con Radio News se refiri\u00f3 a la situaci\u00f3n que se vive tras los dichos del candidato a Presidente de La Libertad Avanza, Javier Milei, al referirse a los dep\u00f3sitos bancarios y el valor de la moneda nacional.<\/p>\n\n\n\n<figure class=\"wp-block-embed is-type-video is-provider-youtube wp-block-embed-youtube wp-embed-aspect-16-9 wp-has-aspect-ratio\"><div class=\"wp-block-embed__wrapper\">\n<iframe loading=\"lazy\" title=\"Jos\u00e9 Luis Ruiz Moreno - Sec. Gral La Bancaria\" width=\"1110\" height=\"624\" src=\"https:\/\/www.youtube.com\/embed\/G6pUPQ142v4?feature=oembed\" frameborder=\"0\" allow=\"accelerometer; autoplay; clipboard-write; encrypted-media; gyroscope; picture-in-picture; web-share\" allowfullscreen><\/iframe>\n<\/div><\/figure>\n\n\n\n<figure class=\"wp-block-image size-full\"><img loading=\"lazy\" width=\"720\" height=\"912\" src=\"https:\/\/radionewsmisiones.ar\/site\/wp-content\/uploads\/2023\/10\/WhatsApp-Image-2023-10-10-at-08.09.30.jpeg\" alt=\"\" class=\"wp-image-12879\" srcset=\"https:\/\/radionewsmisiones.ar\/site\/wp-content\/uploads\/2023\/10\/WhatsApp-Image-2023-10-10-at-08.09.30.jpeg 720w, https:\/\/radionewsmisiones.ar\/site\/wp-content\/uploads\/2023\/10\/WhatsApp-Image-2023-10-10-at-08.09.30-237x300.jpeg 237w\" sizes=\"(max-width: 720px) 100vw, 720px\" \/><\/figure>\n\n\n\n<p><\/p>\n","protected":false},"excerpt":{"rendered":"<p>El Secretario general del sindicato La Bancaria filial Misiones, Jos&eacute; Luis Ruiz Moreno, en di&aacute;logo con Radio News se refiri&oacute; a la situaci&oacute;n que se vive tras los dichos del&hellip; <\/p>\n","protected":false},"author":3,"featured_media":12879,"comment_status":"closed","ping_status":"open","sticky":false,"template":"","format":"standard","meta":{"_monsterinsights_skip_tracking":false,"_monsterinsights_sitenote_active":false,"_monsterinsights_sitenote_note":"","_monsterinsights_sitenote_category":0},"categories":[3],"tags":[133],"aioseo_notices":[],"_links":{"self":[{"href":"https:\/\/radionewsmisiones.ar\/site\/wp-json\/wp\/v2\/posts\/12878"}],"collection":[{"href":"https:\/\/radionewsmisiones.ar\/site\/wp-json\/wp\/v2\/posts"}],"about":[{"href":"https:\/\/radionewsmisiones.ar\/site\/wp-json\/wp\/v2\/types\/post"}],"author":[{"embeddable":true,"href":"https:\/\/radionewsmisiones.ar\/site\/wp-json\/wp\/v2\/users\/3"}],"replies":[{"embeddable":true,"href":"https:\/\/radionewsmisiones.ar\/site\/wp-json\/wp\/v2\/comments?post=12878"}],"version-history":[{"count":1,"href":"https:\/\/radionewsmisiones.ar\/site\/wp-json\/wp\/v2\/posts\/12878\/revisions"}],"predecessor-version":[{"id":12880,"href":"https:\/\/radionewsmisiones.ar\/site\/wp-json\/wp\/v2\/posts\/12878\/revisions\/12880"}],"wp:featuredmedia":[{"embeddable":true,"href":"https:\/\/radionewsmisiones.ar\/site\/wp-json\/wp\/v2\/media\/12879"}],"wp:attachment":[{"href":"https:\/\/radionewsmisiones.ar\/site\/wp-json\/wp\/v2\/media?parent=12878"}],"wp:term":[{"taxonomy":"category","embeddable":true,"href":"https:\/\/radionewsmisiones.ar\/site\/wp-json\/wp\/v2\/categories?post=12878"},{"taxonomy":"post_tag","embeddable":true,"href":"https:\/\/radionewsmisiones.ar\/site\/wp-json\/wp\/v2\/tags?post=12878"}],"curies":[{"name":"wp","href":"https:\/\/api.w.org\/{rel}","templated":true}]}}