{"id":12881,"date":"2023-10-11T09:17:45","date_gmt":"2023-10-11T12:17:45","guid":{"rendered":"https:\/\/radionewsmisiones.ar\/site\/?p=12881"},"modified":"2023-10-11T09:17:57","modified_gmt":"2023-10-11T12:17:57","slug":"el-oficialismo-logro-imponer-su-proyecto-en-la-reforma-de-la-ley-de-alquileres","status":"publish","type":"post","link":"https:\/\/radionewsmisiones.ar\/site\/nacionales\/el-oficialismo-logro-imponer-su-proyecto-en-la-reforma-de-la-ley-de-alquileres\/","title":{"rendered":"El oficialismo logr\u00f3 imponer su proyecto en la reforma de la ley de alquileres"},"content":{"rendered":"\n<p>La C\u00e1mara de Diputados convirti\u00f3 en ley, por 128 contra 114 votos, el proyecto de reforma de alquileres con los cambios incluidos por el Senado impulsados por el Frente de Todos, con lo cual los contratos entre propietarios e inquilinos se mantendr\u00e1n por tres a\u00f1os y tendr\u00e1n una actualizaci\u00f3n semestral, en lugar de anual como establec\u00eda la actual norma.<\/p>\n\n\n\n<figure class=\"wp-block-image size-large\"><img loading=\"lazy\" width=\"1024\" height=\"576\" src=\"https:\/\/radionewsmisiones.ar\/site\/wp-content\/uploads\/2023\/10\/652591fde30a5_1200-1024x576.jpg\" alt=\"\" class=\"wp-image-12882\" srcset=\"https:\/\/radionewsmisiones.ar\/site\/wp-content\/uploads\/2023\/10\/652591fde30a5_1200-1024x576.jpg 1024w, https:\/\/radionewsmisiones.ar\/site\/wp-content\/uploads\/2023\/10\/652591fde30a5_1200-300x169.jpg 300w, https:\/\/radionewsmisiones.ar\/site\/wp-content\/uploads\/2023\/10\/652591fde30a5_1200-768x432.jpg 768w, https:\/\/radionewsmisiones.ar\/site\/wp-content\/uploads\/2023\/10\/652591fde30a5_1200.jpg 1200w\" sizes=\"(max-width: 1024px) 100vw, 1024px\" \/><\/figure>\n\n\n\n<p>La iniciativa se aprob\u00f3 con los votos que fueron aportados por el Frente de Todos, el Movimiento Popular Neuquino, dos de Identidad Bonaerense, dos socialistas, una de C\u00f3rdoba Federal, uno de Juntos por Rio Negro, dos del Frente de la Concordia y cuatro de izquierda.<\/p>\n\n\n\n<p>En tanto, la iniciativa fue rechazada por Juntos por el Cambio, los tres libertarios que responden a Javier Milei, uno de Juntos por Rio Negro, una de Identidad Bonaerense y uno de C\u00f3rdoba Federal.<\/p>\n\n\n\n<p>La iniciativa fue aprobada despu\u00e9s de las 5 de la madrugada en el marco de una sesi\u00f3n marat\u00f3nica que se inici\u00f3 hoy a las 12.30 en la cual se convirti\u00f3 en la ley de violencia digital y se aprobaron los proyectos de devoluci\u00f3n del IVA, Argentina Inclusiva y de promoci\u00f3n del Gas Natural Licuado.<\/p>\n\n\n\n<p>Con la sanci\u00f3n de este proyecto los contratos se mantienen en tres a\u00f1os los cuales deber\u00e1n ser estipulados \u00aben valor \u00fanico en moneda nacional y por per\u00edodos mensuales sobre el cual podr\u00e1n realizarse ajustes con periodicidad a intervalos no inferiores a seis meses\u00bb.<\/p>\n\n\n\n<p>Tambi\u00e9n, el Senado modific\u00f3 el mecanismo de actualizaci\u00f3n del precio de los alquileres y estableci\u00f3 que \u00ablos ajustes deber\u00e1n efectuarse utilizando un coeficiente conformado por la menor variaci\u00f3n que surja de comparar el promedio del 0,9 de la variaci\u00f3n del coeficiente de variaci\u00f3n salarial publicado por el Indec y la variaci\u00f3n del Coeficiente de Estabilizaci\u00f3n de Referencia (CER), publicado por el BCRA\u00bb.<\/p>\n\n\n\n<p>El texto aprobado por el Senado, adem\u00e1s, incorpor\u00f3 un \u00faltimo p\u00e1rrafo sobre el art\u00edculo 9, en el que determin\u00f3 que \u00ablos ingresos provenientes de locaci\u00f3n de hasta dos inmuebles estar\u00e1n exentos del pago del monotributo\u00bb.<\/p>\n\n\n\n<p>Tambi\u00e9n fija que cualquier \u00abpublicidad, en cualquier medio o plataforma, que incluya precio de locaciones de inmuebles con destino habitacional debe realizarse en moneda nacional\u201d y elimina la posibilidad de los pagos a inquilinos por adelantado.<\/p>\n\n\n\n<p>En cuanto a los beneficios impositivos los propietarios no pagar\u00e1n bienes personales sobre los inmuebles que se pongan en alquiler. Tampoco pagar\u00e1n el impuesto al cheque en las cuentas bancarias destinadas a cobrar esos contratos que se encuentren \u00abdebidamente registrados\u00bb ante la AFIP.<\/p>\n\n\n\n<p>Adem\u00e1s las \u00abpartes podr\u00e1n deducir del impuesto a las Ganancias la suma equivalente al 10% del monto anual del contrato de locaci\u00f3n\u201d.<\/p>\n\n\n\n<p>En cambio, el texto con media sanci\u00f3n de Diputados establec\u00eda que los contratos de alquiler deb\u00edan tener un plazo m\u00ednimo de dos a\u00f1os, contra los tres a\u00f1os que rigen en la actualidad, y que los ajustes pod\u00edan hacerse cada cuatro meses con la libertad de ambas partes para elegir el mecanismo a emplear para calcular el porcentaje entre varias f\u00f3rmulas o \u00edndices.<\/p>\n","protected":false},"excerpt":{"rendered":"<p>La C&aacute;mara de Diputados convirti&oacute; en ley, por 128 contra 114 votos, el proyecto de reforma de alquileres con los cambios incluidos por el Senado impulsados por el Frente de&hellip; <\/p>\n","protected":false},"author":3,"featured_media":12883,"comment_status":"closed","ping_status":"open","sticky":false,"template":"","format":"standard","meta":{"_monsterinsights_skip_tracking":false,"_monsterinsights_sitenote_active":false,"_monsterinsights_sitenote_note":"","_monsterinsights_sitenote_category":0},"categories":[4],"tags":[],"aioseo_notices":[],"_links":{"self":[{"href":"https:\/\/radionewsmisiones.ar\/site\/wp-json\/wp\/v2\/posts\/12881"}],"collection":[{"href":"https:\/\/radionewsmisiones.ar\/site\/wp-json\/wp\/v2\/posts"}],"about":[{"href":"https:\/\/radionewsmisiones.ar\/site\/wp-json\/wp\/v2\/types\/post"}],"author":[{"embeddable":true,"href":"https:\/\/radionewsmisiones.ar\/site\/wp-json\/wp\/v2\/users\/3"}],"replies":[{"embeddable":true,"href":"https:\/\/radionewsmisiones.ar\/site\/wp-json\/wp\/v2\/comments?post=12881"}],"version-history":[{"count":1,"href":"https:\/\/radionewsmisiones.ar\/site\/wp-json\/wp\/v2\/posts\/12881\/revisions"}],"predecessor-version":[{"id":12884,"href":"https:\/\/radionewsmisiones.ar\/site\/wp-json\/wp\/v2\/posts\/12881\/revisions\/12884"}],"wp:featuredmedia":[{"embeddable":true,"href":"https:\/\/radionewsmisiones.ar\/site\/wp-json\/wp\/v2\/media\/12883"}],"wp:attachment":[{"href":"https:\/\/radionewsmisiones.ar\/site\/wp-json\/wp\/v2\/media?parent=12881"}],"wp:term":[{"taxonomy":"category","embeddable":true,"href":"https:\/\/radionewsmisiones.ar\/site\/wp-json\/wp\/v2\/categories?post=12881"},{"taxonomy":"post_tag","embeddable":true,"href":"https:\/\/radionewsmisiones.ar\/site\/wp-json\/wp\/v2\/tags?post=12881"}],"curies":[{"name":"wp","href":"https:\/\/api.w.org\/{rel}","templated":true}]}}