{"id":12885,"date":"2023-10-11T09:48:15","date_gmt":"2023-10-11T12:48:15","guid":{"rendered":"https:\/\/radionewsmisiones.ar\/site\/?p=12885"},"modified":"2023-10-11T09:48:27","modified_gmt":"2023-10-11T12:48:27","slug":"legado-inquebrantable-emotivo-homenaje-a-ernesto-finito-gerhmann","status":"publish","type":"post","link":"https:\/\/radionewsmisiones.ar\/site\/provinciales\/legado-inquebrantable-emotivo-homenaje-a-ernesto-finito-gerhmann\/","title":{"rendered":"Legado inquebrantable: Emotivo Homenaje a Ernesto \u00abFinito\u00bb Gerhmann"},"content":{"rendered":"\n<p>El d\u00eda de ayer, en una emotiva jornada que reuni\u00f3 a amantes del baloncesto y seguidores de la trayectoria de Finito Gerhmann, se llev\u00f3 a cabo un solemne homenaje en el Polideportivo hom\u00f3nimo en honor al ic\u00f3nico atleta.<\/p>\n\n\n\n<figure class=\"wp-block-image size-large\"><img loading=\"lazy\" width=\"1024\" height=\"682\" src=\"https:\/\/radionewsmisiones.ar\/site\/wp-content\/uploads\/2023\/10\/WhatsApp-Image-2023-10-11-at-09.43.34-1024x682.jpeg\" alt=\"\" class=\"wp-image-12886\" srcset=\"https:\/\/radionewsmisiones.ar\/site\/wp-content\/uploads\/2023\/10\/WhatsApp-Image-2023-10-11-at-09.43.34-1024x682.jpeg 1024w, https:\/\/radionewsmisiones.ar\/site\/wp-content\/uploads\/2023\/10\/WhatsApp-Image-2023-10-11-at-09.43.34-300x200.jpeg 300w, https:\/\/radionewsmisiones.ar\/site\/wp-content\/uploads\/2023\/10\/WhatsApp-Image-2023-10-11-at-09.43.34-768x512.jpeg 768w, https:\/\/radionewsmisiones.ar\/site\/wp-content\/uploads\/2023\/10\/WhatsApp-Image-2023-10-11-at-09.43.34-1536x1023.jpeg 1536w, https:\/\/radionewsmisiones.ar\/site\/wp-content\/uploads\/2023\/10\/WhatsApp-Image-2023-10-11-at-09.43.34.jpeg 1600w\" sizes=\"(max-width: 1024px) 100vw, 1024px\" \/><\/figure>\n\n\n\n<p>En la convocatoria que estaba programada para las 20:30, la expectativa se palpaba en el ambiente. Las autoridades del Polideportivo se prepararon para dar inicio a lo que ser\u00eda una jornada memorable, marcada por la inauguraci\u00f3n de un nuevo espacio: el Museo Finito Gerhmann.<\/p>\n\n\n\n<p>El evento comenz\u00f3 con una breve rese\u00f1a respecto a los esfuerzos realizados en la restauraci\u00f3n y reconstrucci\u00f3n de la historia de Finito. Este tributo a su legado deportivo se materializ\u00f3 a trav\u00e9s de un corte de cinta inaugural y posterior recorrido por el Museo. En este encuentro acudieron principalmente las autoridades locales y un selecto grupo de personas para disfrutar de una experiencia colmada de historia.<\/p>\n\n\n\n<p>Tras la visita al museo, los asistentes se dirigieron a la cancha donde dos momentos destacados estaban previstos. En primer lugar, un partido de Maxi basket, que cont\u00f3 con la participaci\u00f3n de jugadores que compartieron cancha y experiencias con Finito en la selecci\u00f3n misionera y el Club Tokio. El ambiente estuvo cargado de nostalgia mientras estos atletas se enfrentaban en un partido amistoso.<\/p>\n\n\n\n<p>Luego, se llev\u00f3 a cabo un emotivo acto de entrega de camisetas. Finito Gerhmann y el intendente Leonardo Stelatto, intercambiaron camisetas autografiadas como s\u00edmbolo de respeto y amistad. Adem\u00e1s, se escucharon conmovedoras palabras de algunos de los ex compa\u00f1eros de Finito, quienes compartieron an\u00e9cdotas y vivencias de su tiempo juntos. La presencia y las palabras del protagonista, Finito Gerhmann, fueron el punto culminante del evento.<\/p>\n\n\n\n<p>La jornada a modo de cierre, continu\u00f3 con un partido en donde los equipos Tokio y Mitre se enfrentaron en una emocionante contienda, demostrando la pasi\u00f3n que el deporte despierta en la comunidad.<\/p>\n\n\n\n<p>Los homenajes resultan m\u00e1s conmovedores cuando se realizan en vida por lo que este reconocimiento hacia Finito Gerhmann fue un testimonio del amor y el respeto que la comunidad deportiva tiene por con sus h\u00e9roes locales. A sus 78 a\u00f1os \u201cFinito\u201d es una gloria viviente, representante del baloncesto local y nacional ya que supo ser uno de los emblemas del seleccionado nacional desde 1966 hasta finales de los 70\u2019. El martes fue un d\u00eda que quedar\u00e1 grabado en la memoria de todos los presentes como un tributo a la carrera y el legado de un gran deportista.<\/p>\n","protected":false},"excerpt":{"rendered":"<p>El d&iacute;a de ayer, en una emotiva jornada que reuni&oacute; a amantes del baloncesto y seguidores de la trayectoria de Finito Gerhmann, se llev&oacute; a cabo un solemne homenaje en&hellip; <\/p>\n","protected":false},"author":3,"featured_media":12887,"comment_status":"closed","ping_status":"open","sticky":false,"template":"","format":"standard","meta":{"_monsterinsights_skip_tracking":false,"_monsterinsights_sitenote_active":false,"_monsterinsights_sitenote_note":"","_monsterinsights_sitenote_category":0},"categories":[3],"tags":[22],"aioseo_notices":[],"_links":{"self":[{"href":"https:\/\/radionewsmisiones.ar\/site\/wp-json\/wp\/v2\/posts\/12885"}],"collection":[{"href":"https:\/\/radionewsmisiones.ar\/site\/wp-json\/wp\/v2\/posts"}],"about":[{"href":"https:\/\/radionewsmisiones.ar\/site\/wp-json\/wp\/v2\/types\/post"}],"author":[{"embeddable":true,"href":"https:\/\/radionewsmisiones.ar\/site\/wp-json\/wp\/v2\/users\/3"}],"replies":[{"embeddable":true,"href":"https:\/\/radionewsmisiones.ar\/site\/wp-json\/wp\/v2\/comments?post=12885"}],"version-history":[{"count":1,"href":"https:\/\/radionewsmisiones.ar\/site\/wp-json\/wp\/v2\/posts\/12885\/revisions"}],"predecessor-version":[{"id":12888,"href":"https:\/\/radionewsmisiones.ar\/site\/wp-json\/wp\/v2\/posts\/12885\/revisions\/12888"}],"wp:featuredmedia":[{"embeddable":true,"href":"https:\/\/radionewsmisiones.ar\/site\/wp-json\/wp\/v2\/media\/12887"}],"wp:attachment":[{"href":"https:\/\/radionewsmisiones.ar\/site\/wp-json\/wp\/v2\/media?parent=12885"}],"wp:term":[{"taxonomy":"category","embeddable":true,"href":"https:\/\/radionewsmisiones.ar\/site\/wp-json\/wp\/v2\/categories?post=12885"},{"taxonomy":"post_tag","embeddable":true,"href":"https:\/\/radionewsmisiones.ar\/site\/wp-json\/wp\/v2\/tags?post=12885"}],"curies":[{"name":"wp","href":"https:\/\/api.w.org\/{rel}","templated":true}]}}