{"id":1292,"date":"2022-08-29T22:50:18","date_gmt":"2022-08-30T01:50:18","guid":{"rendered":"https:\/\/radionewsmisiones.ar\/site\/?p=1292"},"modified":"2022-08-29T22:50:23","modified_gmt":"2022-08-30T01:50:23","slug":"massa-y-lammens-acordaron-precios-con-las-camaras-prestadoras-para-lanzar-el-previaje","status":"publish","type":"post","link":"https:\/\/radionewsmisiones.ar\/site\/nacionales\/massa-y-lammens-acordaron-precios-con-las-camaras-prestadoras-para-lanzar-el-previaje\/","title":{"rendered":"Massa y Lammens acordaron precios con las c\u00e1maras prestadoras para lanzar el PreViaje"},"content":{"rendered":"\n<p>El ministro de Econom\u00eda,\u00a0Sergio Massa; su par de Turismo y Deportes,\u00a0Mat\u00edas Lammens; y el secretario de Comercio,\u00a0Mat\u00edas Tombolini, firmaron un acuerdo con las entidades representantes del sector hotelero para establecer tarifas m\u00e1ximas en los alojamientos que participen en la tercera edici\u00f3n del programa\u00a0PreViaje.<\/p>\n\n\n\n<figure class=\"wp-block-image size-full\"><img loading=\"lazy\" width=\"900\" height=\"506\" src=\"https:\/\/radionewsmisiones.ar\/site\/wp-content\/uploads\/2022\/08\/630d264ea4542_900.jpg\" alt=\"\" class=\"wp-image-1293\" srcset=\"https:\/\/radionewsmisiones.ar\/site\/wp-content\/uploads\/2022\/08\/630d264ea4542_900.jpg 900w, https:\/\/radionewsmisiones.ar\/site\/wp-content\/uploads\/2022\/08\/630d264ea4542_900-300x169.jpg 300w, https:\/\/radionewsmisiones.ar\/site\/wp-content\/uploads\/2022\/08\/630d264ea4542_900-768x432.jpg 768w\" sizes=\"(max-width: 900px) 100vw, 900px\" \/><\/figure>\n\n\n\n<p><\/p>\n\n\n\n<p>\u00abCreemos en el programa, pero tambi\u00e9n creemos que no puede terminar jug\u00e1ndonos en contra en materia inflacionaria\u00bb, dijo Massa durante la firma el acuerdo.<\/p>\n\n\n\n<p>Ahora \u00abel sector tiene que hacer el esfuerzo a la par del Estado. El ordenamiento de precios nos va a ayudar a\u00a0bajar la expectativa inflacionaria\u00a0y es bueno que hagamos el esfuerzo juntos\u00bb, asegur\u00f3 Massa tras la reuni\u00f3n en la que se firm\u00f3 el convenio.<\/p>\n\n\n\n<p>Por su parte, Lammens destac\u00f3 que\u00a0\u00abeste programa ha resultado un \u00e9xito desde todo punto de vista. Est\u00e1 contenta la gente, que puede viajar; est\u00e1 contento el Estado nacional, que promueve la actividad y la formaliza; y est\u00e1 contento el sector tur\u00edstico porque representa casi 10 puntos del PBI y se ha visto muy fortalecido por PreViaje\u00bb.<\/p>\n\n\n\n<p>\u00abAgradecemos el compromiso del sector privado y el trabajo de Mat\u00edas Tombolini y todo su equipo: dimos un paso determinante para lanzar la\u00a0tercera etapa\u00bb, agreg\u00f3 Lammens, inform\u00f3 la cartera de Turismo a trav\u00e9s de un comunicado.<\/p>\n\n\n\n<p>A su turno, Tombolini destac\u00f3 que desde la Secretar\u00eda de Comercio que dirige\u00a0\u00abvamos a contribuir al ordenamiento de los precios, al control para evitar los abusos y a la posibilidad de que, de manera voluntaria, se vayan sumando cada vez m\u00e1s empresarios y empresarias a esta pol\u00edtica p\u00fablica que ha sido un \u00e9xito y un impulso para el sector tur\u00edstico\u00bb.<\/p>\n\n\n\n<p>Por el sector privado firmaron el acuerdo el presidente de la C\u00e1mara Argentina de Turismo,\u00a0Gustavo Hani; el titular de la Federaci\u00f3n Empresaria Hotelera Gastron\u00f3mica de la Rep\u00fablica Argentina (Fehgra),\u00a0Fernando Desbots; el presidente de la Asociaci\u00f3n de Hoteles de Turismo de la Rep\u00fablica Argentina (AHT),\u00a0Roberto Amengual; y el titular de la Asociaci\u00f3n de Hoteles, Restaurantes, Confiter\u00edas y Caf\u00e9s (Ahrcc),\u00a0Daniel Prieto, detall\u00f3 el Ministerio de Turismo en un comunicado.<\/p>\n\n\n\n<p>Al hablar durante el encuentro, Hani dijo que \u00abPreViaje nos permiti\u00f3 una reactivaci\u00f3n muy r\u00e1pida, adem\u00e1s de brindar\u00a0previsibilidad\u00a0y formalidad al sector. Vamos a trabajar codo a codo para que el acuerdo se cumpla porque\u00a0queremos que el programa siga siendo un \u00e9xito\u00bb.<\/p>\n\n\n\n<p>De cara a la nueva edici\u00f3n del PreViaje, para el establecimiento de las tarifas m\u00e1ximas se tomaron como referencia las \u00faltimas disponibles de temporada baja en los principales destinos de cada provincia, es decir, la correspondiente a junio o julio de 2022, seg\u00fan las caracter\u00edsticas del lugar.<\/p>\n\n\n\n<p>De cara a este objetivo se llev\u00f3 adelante un\u00a0relevamiento de cerca de 200.000 precios, explic\u00f3 el Ministerio de Turismo.<\/p>\n\n\n\n<p>La adhesi\u00f3n, mediante declaraci\u00f3n jurada, ser\u00e1 voluntaria para cada prestador tur\u00edstico y ser\u00e1 condici\u00f3n obligatoria para participar en este nuevo PreViaje.<\/p>\n\n\n\n<p>Por destino tur\u00edstico, los prestadores deber\u00e1n ajustarse a la tarifa m\u00e1xima establecida para cada categor\u00eda y tipo de establecimiento (1 a 5 estrellas). La fiscalizaci\u00f3n estar\u00e1 a cargo de la Secretar\u00eda de Comercio y los alojamientos que incumplan quedar\u00e1n excluidos tanto de la tercera como de futuras ediciones del programa.<\/p>\n","protected":false},"excerpt":{"rendered":"<p>El ministro de Econom&iacute;a,&nbsp;Sergio Massa; su par de Turismo y Deportes,&nbsp;Mat&iacute;as Lammens; y el secretario de Comercio,&nbsp;Mat&iacute;as Tombolini, firmaron un acuerdo con las entidades representantes del sector hotelero para establecer&hellip; <\/p>\n","protected":false},"author":3,"featured_media":1294,"comment_status":"closed","ping_status":"open","sticky":false,"template":"","format":"standard","meta":{"_monsterinsights_skip_tracking":false,"_monsterinsights_sitenote_active":false,"_monsterinsights_sitenote_note":"","_monsterinsights_sitenote_category":0},"categories":[4],"tags":[],"aioseo_notices":[],"_links":{"self":[{"href":"https:\/\/radionewsmisiones.ar\/site\/wp-json\/wp\/v2\/posts\/1292"}],"collection":[{"href":"https:\/\/radionewsmisiones.ar\/site\/wp-json\/wp\/v2\/posts"}],"about":[{"href":"https:\/\/radionewsmisiones.ar\/site\/wp-json\/wp\/v2\/types\/post"}],"author":[{"embeddable":true,"href":"https:\/\/radionewsmisiones.ar\/site\/wp-json\/wp\/v2\/users\/3"}],"replies":[{"embeddable":true,"href":"https:\/\/radionewsmisiones.ar\/site\/wp-json\/wp\/v2\/comments?post=1292"}],"version-history":[{"count":1,"href":"https:\/\/radionewsmisiones.ar\/site\/wp-json\/wp\/v2\/posts\/1292\/revisions"}],"predecessor-version":[{"id":1295,"href":"https:\/\/radionewsmisiones.ar\/site\/wp-json\/wp\/v2\/posts\/1292\/revisions\/1295"}],"wp:featuredmedia":[{"embeddable":true,"href":"https:\/\/radionewsmisiones.ar\/site\/wp-json\/wp\/v2\/media\/1294"}],"wp:attachment":[{"href":"https:\/\/radionewsmisiones.ar\/site\/wp-json\/wp\/v2\/media?parent=1292"}],"wp:term":[{"taxonomy":"category","embeddable":true,"href":"https:\/\/radionewsmisiones.ar\/site\/wp-json\/wp\/v2\/categories?post=1292"},{"taxonomy":"post_tag","embeddable":true,"href":"https:\/\/radionewsmisiones.ar\/site\/wp-json\/wp\/v2\/tags?post=1292"}],"curies":[{"name":"wp","href":"https:\/\/api.w.org\/{rel}","templated":true}]}}