{"id":1297,"date":"2022-08-29T23:11:40","date_gmt":"2022-08-30T02:11:40","guid":{"rendered":"https:\/\/radionewsmisiones.ar\/site\/?p=1297"},"modified":"2022-08-29T23:11:46","modified_gmt":"2022-08-30T02:11:46","slug":"si-no-hacemos-nada-los-carteles-de-narcotrafico-se-van-a-quedar-con-el-control-del-mcm-tenemos-un-problema-grave-de-consumo-de-droga-en-el-mcm-pusimos-controles-no-entra-ningun-camion-sin-la-ide","status":"publish","type":"post","link":"https:\/\/radionewsmisiones.ar\/site\/provinciales\/si-no-hacemos-nada-los-carteles-de-narcotrafico-se-van-a-quedar-con-el-control-del-mcm-tenemos-un-problema-grave-de-consumo-de-droga-en-el-mcm-pusimos-controles-no-entra-ningun-camion-sin-la-ide\/","title":{"rendered":"\u00abSi no hacemos nada, los carteles de narcotr\u00e1fico se van a quedar con el control del MCM. Tenemos un problema grave de consumo de droga en el MCM. Pusimos controles, no entra ning\u00fan cami\u00f3n sin la identificaci\u00f3n correspondiente\u00bb"},"content":{"rendered":"\n<p>El ex Intendente de la Ciudad de Posadas y actual Presidente del Mercado Central de la Provincia en comunicaci\u00f3n con Radio News, se refiri\u00f3 a la actual situaci\u00f3n que vive esa entidad y a los reclamos que realizaron los diferentes sectores. \u00abYo no ped\u00ed estar en ese lugar, no soy un cag\u00f3n, no voy a ser juguete del narcotr\u00e1fico\u00bb, afirm\u00f3. <\/p>\n\n\n\n<figure class=\"wp-block-embed is-type-video is-provider-youtube wp-block-embed-youtube wp-embed-aspect-4-3 wp-has-aspect-ratio\"><div class=\"wp-block-embed__wrapper\">\n<iframe loading=\"lazy\" title=\"Dr. Jorge Brignole - Pdte del Mercado\" width=\"1110\" height=\"833\" src=\"https:\/\/www.youtube.com\/embed\/5PEnTX7sBpI?start=6&#038;feature=oembed\" frameborder=\"0\" allow=\"accelerometer; autoplay; clipboard-write; encrypted-media; gyroscope; picture-in-picture\" allowfullscreen><\/iframe>\n<\/div><\/figure>\n","protected":false},"excerpt":{"rendered":"<p>El ex Intendente de la Ciudad de Posadas y actual Presidente del Mercado Central de la Provincia en comunicaci&oacute;n con Radio News, se refiri&oacute; a la actual situaci&oacute;n que vive&hellip; <\/p>\n","protected":false},"author":3,"featured_media":1298,"comment_status":"closed","ping_status":"open","sticky":false,"template":"","format":"standard","meta":{"_monsterinsights_skip_tracking":false,"_monsterinsights_sitenote_active":false,"_monsterinsights_sitenote_note":"","_monsterinsights_sitenote_category":0},"categories":[3],"tags":[],"aioseo_notices":[],"_links":{"self":[{"href":"https:\/\/radionewsmisiones.ar\/site\/wp-json\/wp\/v2\/posts\/1297"}],"collection":[{"href":"https:\/\/radionewsmisiones.ar\/site\/wp-json\/wp\/v2\/posts"}],"about":[{"href":"https:\/\/radionewsmisiones.ar\/site\/wp-json\/wp\/v2\/types\/post"}],"author":[{"embeddable":true,"href":"https:\/\/radionewsmisiones.ar\/site\/wp-json\/wp\/v2\/users\/3"}],"replies":[{"embeddable":true,"href":"https:\/\/radionewsmisiones.ar\/site\/wp-json\/wp\/v2\/comments?post=1297"}],"version-history":[{"count":1,"href":"https:\/\/radionewsmisiones.ar\/site\/wp-json\/wp\/v2\/posts\/1297\/revisions"}],"predecessor-version":[{"id":1299,"href":"https:\/\/radionewsmisiones.ar\/site\/wp-json\/wp\/v2\/posts\/1297\/revisions\/1299"}],"wp:featuredmedia":[{"embeddable":true,"href":"https:\/\/radionewsmisiones.ar\/site\/wp-json\/wp\/v2\/media\/1298"}],"wp:attachment":[{"href":"https:\/\/radionewsmisiones.ar\/site\/wp-json\/wp\/v2\/media?parent=1297"}],"wp:term":[{"taxonomy":"category","embeddable":true,"href":"https:\/\/radionewsmisiones.ar\/site\/wp-json\/wp\/v2\/categories?post=1297"},{"taxonomy":"post_tag","embeddable":true,"href":"https:\/\/radionewsmisiones.ar\/site\/wp-json\/wp\/v2\/tags?post=1297"}],"curies":[{"name":"wp","href":"https:\/\/api.w.org\/{rel}","templated":true}]}}