{"id":1312,"date":"2022-08-29T23:28:47","date_gmt":"2022-08-30T02:28:47","guid":{"rendered":"https:\/\/radionewsmisiones.ar\/site\/?p=1312"},"modified":"2022-08-29T23:28:52","modified_gmt":"2022-08-30T02:28:52","slug":"se-presento-el-programa-de-fortalecimiento-profesional-a-traves-de-la-simulacion-clinica","status":"publish","type":"post","link":"https:\/\/radionewsmisiones.ar\/site\/provinciales\/se-presento-el-programa-de-fortalecimiento-profesional-a-traves-de-la-simulacion-clinica\/","title":{"rendered":"Se present\u00f3 el Programa de Fortalecimiento Profesional a trav\u00e9s de la Simulaci\u00f3n Cl\u00ednica"},"content":{"rendered":"\n<p>La capacitaci\u00f3n, presentada durante la ma\u00f1ana de este lunes en el Sal\u00f3n de Usos M\u00faltiples del Hospital Materno Neonatal de Posadas, est\u00e1 destinada a potenciar los saberes de los profesionales de los hospitales de toda la provincia, con el objeto de minimizar el margen de error, maximizando la calidad en la atenci\u00f3n de todos los misioneros.<\/p>\n\n\n\n<figure class=\"wp-block-image size-large\"><img loading=\"lazy\" width=\"1024\" height=\"683\" src=\"https:\/\/radionewsmisiones.ar\/site\/wp-content\/uploads\/2022\/08\/WhatsApp-Image-2022-08-29-at-15.25.01-1024x683.jpeg\" alt=\"\" class=\"wp-image-1313\" srcset=\"https:\/\/radionewsmisiones.ar\/site\/wp-content\/uploads\/2022\/08\/WhatsApp-Image-2022-08-29-at-15.25.01-1024x683.jpeg 1024w, https:\/\/radionewsmisiones.ar\/site\/wp-content\/uploads\/2022\/08\/WhatsApp-Image-2022-08-29-at-15.25.01-300x200.jpeg 300w, https:\/\/radionewsmisiones.ar\/site\/wp-content\/uploads\/2022\/08\/WhatsApp-Image-2022-08-29-at-15.25.01-768x512.jpeg 768w, https:\/\/radionewsmisiones.ar\/site\/wp-content\/uploads\/2022\/08\/WhatsApp-Image-2022-08-29-at-15.25.01-1536x1024.jpeg 1536w, https:\/\/radionewsmisiones.ar\/site\/wp-content\/uploads\/2022\/08\/WhatsApp-Image-2022-08-29-at-15.25.01.jpeg 1600w\" sizes=\"(max-width: 1024px) 100vw, 1024px\" \/><\/figure>\n\n\n\n<p>\u00abSe trata de un sistema absolutamente innovador, que permite capacitar a todo el sistema de salud, adquiriendo las pr\u00e1cticas, competencias y habilidades t\u00e9cnicas, sin ning\u00fan tipo de riesgo para el paciente\u00bb, destac\u00f3 el vicegobernador, Dr. Carlos Arce, quien acompa\u00f1\u00f3 la presentaci\u00f3n, junto al ministro de Salud, Dr. Oscar Alarc\u00f3n; el director de Neonatolog\u00eda Dr. Hugo Ocampo, la coordinadora del Parque de la Salud Farm. Natalia Rodr\u00edguez, autoridades del Parque de la Salud, y Directores de Hospitales de toda la provincia.<\/p>\n\n\n\n<p>\u00abEste es un programa que apunta al fortalecimiento en la capacitaci\u00f3n en el \u00e1rea perinatal, en el que los equipos de todos los hospitales de la provincia van a acceder, de manera organizada y programada, a diferentes niveles de capacitaci\u00f3n, de acuerdo al tipo de hospital al que pertenezcan, realizando un abordaje de las diferentes patolog\u00edas, tanto obst\u00e9tricas como neonatales, con pr\u00e1cticas en el centro de simulaci\u00f3n, realizando un abordaje de las diferentes patolog\u00edas, tanto obst\u00e9tricas como neonatales\u00bb, explic\u00f3 Arce.<\/p>\n\n\n\n<p>Teniendo en cuenta que, el avance tecnol\u00f3gico permite el desarrollo de estrategias integrales que fomentan un proceso de ense\u00f1anza aprendizaje con altos y \u00f3ptimos est\u00e1ndares de calidad, la &nbsp;Simulaci\u00f3n Cl\u00ednica plantea el uso de escenarios reales que fomenten el desarrollo de habilidades y destrezas, &nbsp;optimizando una adecuada preparaci\u00f3n para dar respuestas frente a variadas situaciones cl\u00ednicas con grados diversos de complejidad, que puedan ocurrir en las pr\u00e1cticas reales.<\/p>\n\n\n\n<p>\u00abNos sentimos orgullosos de ser una herramienta m\u00e1s de aprendizaje de un \u00e1mbito que hemos creado entre todos, y hoy lo podemos poner en marcha. Cuando ofrecemos servicios tambi\u00e9n debemos atender a las demandas, por eso este ser\u00e1 un espacio de intercambio con el principal prop\u00f3sito de mejorar la atenci\u00f3n de la salud p\u00fablica de todos los misioneros\u00bb, concluy\u00f3.<br>Dicho programa se llevar\u00e1 a la pr\u00e1ctica en etapas, que abarcar\u00e1n los distintos niveles de atenci\u00f3n (I, II y III), siendo los equipos de los hospitales de las localidades de Eldorado y Ober\u00e1, los primeros convocados.&nbsp;<\/p>\n\n\n\n<p>Este programa de formaci\u00f3n profesional acerca a cada uno de los profesionales de los hospitales de la provincia la posibilidad de potenciar sus saberes, y sobre todo minimizar el margen de error, maximizando la calidad en la atenci\u00f3n de todos los misioneros.<\/p>\n","protected":false},"excerpt":{"rendered":"<p>La capacitaci&oacute;n, presentada durante la ma&ntilde;ana de este lunes en el Sal&oacute;n de Usos M&uacute;ltiples del Hospital Materno Neonatal de Posadas, est&aacute; destinada a potenciar los saberes de los profesionales&hellip; <\/p>\n","protected":false},"author":3,"featured_media":1313,"comment_status":"closed","ping_status":"open","sticky":false,"template":"","format":"standard","meta":{"_monsterinsights_skip_tracking":false,"_monsterinsights_sitenote_active":false,"_monsterinsights_sitenote_note":"","_monsterinsights_sitenote_category":0},"categories":[3],"tags":[19],"aioseo_notices":[],"_links":{"self":[{"href":"https:\/\/radionewsmisiones.ar\/site\/wp-json\/wp\/v2\/posts\/1312"}],"collection":[{"href":"https:\/\/radionewsmisiones.ar\/site\/wp-json\/wp\/v2\/posts"}],"about":[{"href":"https:\/\/radionewsmisiones.ar\/site\/wp-json\/wp\/v2\/types\/post"}],"author":[{"embeddable":true,"href":"https:\/\/radionewsmisiones.ar\/site\/wp-json\/wp\/v2\/users\/3"}],"replies":[{"embeddable":true,"href":"https:\/\/radionewsmisiones.ar\/site\/wp-json\/wp\/v2\/comments?post=1312"}],"version-history":[{"count":1,"href":"https:\/\/radionewsmisiones.ar\/site\/wp-json\/wp\/v2\/posts\/1312\/revisions"}],"predecessor-version":[{"id":1314,"href":"https:\/\/radionewsmisiones.ar\/site\/wp-json\/wp\/v2\/posts\/1312\/revisions\/1314"}],"wp:featuredmedia":[{"embeddable":true,"href":"https:\/\/radionewsmisiones.ar\/site\/wp-json\/wp\/v2\/media\/1313"}],"wp:attachment":[{"href":"https:\/\/radionewsmisiones.ar\/site\/wp-json\/wp\/v2\/media?parent=1312"}],"wp:term":[{"taxonomy":"category","embeddable":true,"href":"https:\/\/radionewsmisiones.ar\/site\/wp-json\/wp\/v2\/categories?post=1312"},{"taxonomy":"post_tag","embeddable":true,"href":"https:\/\/radionewsmisiones.ar\/site\/wp-json\/wp\/v2\/tags?post=1312"}],"curies":[{"name":"wp","href":"https:\/\/api.w.org\/{rel}","templated":true}]}}