{"id":1315,"date":"2022-08-29T23:30:30","date_gmt":"2022-08-30T02:30:30","guid":{"rendered":"https:\/\/radionewsmisiones.ar\/site\/?p=1315"},"modified":"2022-08-29T23:30:34","modified_gmt":"2022-08-30T02:30:34","slug":"presupuesto-2023-expusieron-en-la-legislatura-los-responsables-de-cultura-de-vialidad-y-de-obras-y-servicios-publicos","status":"publish","type":"post","link":"https:\/\/radionewsmisiones.ar\/site\/provinciales\/presupuesto-2023-expusieron-en-la-legislatura-los-responsables-de-cultura-de-vialidad-y-de-obras-y-servicios-publicos\/","title":{"rendered":"Presupuesto 2023: Expusieron en la Legislatura los responsables de Cultura, de Vialidad, y de Obras y Servicios P\u00fablicos"},"content":{"rendered":"\n<p><strong>Asistieron a la Comisi\u00f3n de Presupuesto de la C\u00e1mara de Representantes para informar sobre la asignaci\u00f3n prevista de fondos para el pr\u00f3ximo a\u00f1o, ante los legisladores provinciales que estudian el proyecto remitido por el Poder Ejecutivo.<\/strong><\/p>\n\n\n\n<p>Seg\u00fan el expediente en estudio, se prev\u00e9n destinar a la Secretar\u00eda de Estado de Cultura 587.949.000 pesos, a la Direcci\u00f3n Provincial de Vialidad&nbsp;<a href=\"tel:14.632.122.000\" target=\"_blank\" rel=\"noreferrer noopener\">14.632.122.000<\/a>&nbsp;pesos, y a la Subsecretar\u00eda de Obras y Servicios P\u00fablicos&nbsp;<a href=\"tel:10.531.053.000\" target=\"_blank\" rel=\"noreferrer noopener\">10.531.053.000<\/a>&nbsp;pesos.&nbsp; En caso de mantenerse esas cifras, representar\u00edan incrementos porcentuales del 78,97; 58,22 y 20,25, respectivamente.<\/p>\n\n\n\n<figure class=\"wp-block-image size-large\"><img loading=\"lazy\" width=\"1024\" height=\"580\" src=\"https:\/\/radionewsmisiones.ar\/site\/wp-content\/uploads\/2022\/08\/DSC04835-1024x580.jpg\" alt=\"\" class=\"wp-image-1316\" srcset=\"https:\/\/radionewsmisiones.ar\/site\/wp-content\/uploads\/2022\/08\/DSC04835-1024x580.jpg 1024w, https:\/\/radionewsmisiones.ar\/site\/wp-content\/uploads\/2022\/08\/DSC04835-300x170.jpg 300w, https:\/\/radionewsmisiones.ar\/site\/wp-content\/uploads\/2022\/08\/DSC04835-768x435.jpg 768w, https:\/\/radionewsmisiones.ar\/site\/wp-content\/uploads\/2022\/08\/DSC04835-1536x870.jpg 1536w, https:\/\/radionewsmisiones.ar\/site\/wp-content\/uploads\/2022\/08\/DSC04835.jpg 1600w\" sizes=\"(max-width: 1024px) 100vw, 1024px\" \/><\/figure>\n\n\n\n<p>En primer lugar, el secretario de Estado de Cultura, Jos\u00e9 Schuap, dijo que el incremento para el organismo a su cargo \u201ctiene que ver con la inflaci\u00f3n, con ampliaciones y con leyes creadas\u201d.<\/p>\n\n\n\n<p>Y destac\u00f3 que, en la provincia, \u201clas cosas se siguen haciendo, a pesar de las dificultades del pa\u00eds y del mundo, por lo cual, Misiones est\u00e1 en un lugar diferente\u201d.<\/p>\n\n\n\n<p>Afirm\u00f3 que la secretar\u00eda que dirige \u201ces una herramienta para el trabajador de la cultura, la cual fortalece el Consejo Provincial de Cultura, que est\u00e1 integrado por todos los municipios\u201d.<\/p>\n\n\n\n<p>Tambi\u00e9n asegur\u00f3 que dejar\u00e1n \u201clas bases sentadas para que la pr\u00f3xima gesti\u00f3n encuentre algo mucho m\u00e1s s\u00f3lido de lo que se encontr\u00f3 por ser primeros\u201d.<\/p>\n\n\n\n<p>Destac\u00f3 el cumplimiento de \u201cla misi\u00f3n social del Estado en relaci\u00f3n con la cultura\u201d y enfatiz\u00f3 el rol del Poder Legislativo a trav\u00e9s de las normas sancionadas, como por ejemplo la de espacios culturales.<\/p>\n\n\n\n<p>\u201cLo intangible debe ser protegido, de eso se tratan estos millones de pesos, que pedimos que nos aprueben, y acompa\u00f1en a desarrollar\u201d, rese\u00f1\u00f3.<\/p>\n\n\n\n<p>Por su parte, el responsable de la Direcci\u00f3n Provincial de Vialidad, Sebasti\u00e1n Mac\u00edas, asever\u00f3 que los fondos del a\u00f1o pr\u00f3ximo se destinar\u00e1n \u201ca obras que proponemos y enfocamos en el presupuesto de la provincia, que hace hincapi\u00e9 en inversiones en el \u00e1rea social, en lo econ\u00f3mico, en lo productivo\u201d.<\/p>\n\n\n\n<p>Explic\u00f3 que el objetivo es que lo que ya vienen realizando se vaya intensificando, \u201cy a su vez prolongar el trabajo que se viene desarrollando, como ser la infraestructura vial de la provincia, para mejorar la trazabilidad, la conectividad y, obviamente, la seguridad vial\u201d.<\/p>\n\n\n\n<p>Dijo que las principales obras con las que vienen trabajando, \u201cno son de un periodo corto, sino que se extienden mediano y largo plazo, como ser de 12, 18, 24 meses\u201d.&nbsp;<\/p>\n\n\n\n<p>\u201cPor eso iniciamos obras nuevas y continuamos las que est\u00e1n en ejecuci\u00f3n, como las de pavimentaci\u00f3n de la ruta provincial 2, la intervenci\u00f3n de la ruta nacional 12, infraestructura vial dentro de los 77 municipios\u201d, agreg\u00f3.<\/p>\n\n\n\n<p>&nbsp;\u201cLa obra p\u00fablica es el motor de la econom\u00eda de nuestra provincia, esto hace que se siga teniendo como pol\u00edtica de gobierno seguir avanzando en distintos tipos de obras\u201d, enfatiz\u00f3.<\/p>\n\n\n\n<p>Y resalt\u00f3 la \u201cdecisi\u00f3n del gobierno provincial de mejorar la infraestructura vial de la provincia, desarrollando la econom\u00eda productiva y acompa\u00f1ando al turismo, uno de los ingresos de mayor importancia\u201d.<\/p>\n\n\n\n<p>En tanto, el subsecretario de Obras y Servicios P\u00fablicos, Marcelo Bacigalupi, dijo que el presupuesto en estudio \u201cIncluye el funcionamiento de la subsecretar\u00eda, aporte a otros organismos y cuentas especiales\u201d, as\u00ed como tambi\u00e9n \u201ctodo lo que respecta al pago de servicios p\u00fablicos de los organismos del Estado\u201d.<\/p>\n\n\n\n<p>Se refiri\u00f3 a las principales obras que realizan, tales como las de \u201cagua potable, que normalmente son chicas y distribuidas en la provincia\u201d y \u201cotras tambi\u00e9n importantes como tomas de agua en Eldorado, Montecarlo y de Dos de Mayo\u201d.<\/p>\n\n\n\n<p>\u201cSon obras fundamentales, &nbsp;sobre todo en los per\u00edodos estivales, y todo hace prever que tambi\u00e9n haya restricci\u00f3n de agua de lluvia que generen inconvenientes\u201d, ampli\u00f3.<\/p>\n\n\n\n<p>Tambi\u00e9n mencion\u00f3 otros trabajos: \u201calgunos pozos perforados, tanques y redes de agua en diferentes puntos, mayormente apoyo a las cooperativas que tienen inconvenientes para este tipo de inversiones, entonces ah\u00ed est\u00e1 el Estado apoyando para otorgar un mayor servicio y seguridad en el consumo de agua\u201d, concluy\u00f3.<\/p>\n","protected":false},"excerpt":{"rendered":"<p>Asistieron a la Comisi&oacute;n de Presupuesto de la C&aacute;mara de Representantes para informar sobre la asignaci&oacute;n prevista de fondos para el pr&oacute;ximo a&ntilde;o, ante los legisladores provinciales que estudian el&hellip; <\/p>\n","protected":false},"author":3,"featured_media":1317,"comment_status":"closed","ping_status":"open","sticky":false,"template":"","format":"standard","meta":{"_monsterinsights_skip_tracking":false,"_monsterinsights_sitenote_active":false,"_monsterinsights_sitenote_note":"","_monsterinsights_sitenote_category":0},"categories":[3],"tags":[7],"aioseo_notices":[],"_links":{"self":[{"href":"https:\/\/radionewsmisiones.ar\/site\/wp-json\/wp\/v2\/posts\/1315"}],"collection":[{"href":"https:\/\/radionewsmisiones.ar\/site\/wp-json\/wp\/v2\/posts"}],"about":[{"href":"https:\/\/radionewsmisiones.ar\/site\/wp-json\/wp\/v2\/types\/post"}],"author":[{"embeddable":true,"href":"https:\/\/radionewsmisiones.ar\/site\/wp-json\/wp\/v2\/users\/3"}],"replies":[{"embeddable":true,"href":"https:\/\/radionewsmisiones.ar\/site\/wp-json\/wp\/v2\/comments?post=1315"}],"version-history":[{"count":1,"href":"https:\/\/radionewsmisiones.ar\/site\/wp-json\/wp\/v2\/posts\/1315\/revisions"}],"predecessor-version":[{"id":1318,"href":"https:\/\/radionewsmisiones.ar\/site\/wp-json\/wp\/v2\/posts\/1315\/revisions\/1318"}],"wp:featuredmedia":[{"embeddable":true,"href":"https:\/\/radionewsmisiones.ar\/site\/wp-json\/wp\/v2\/media\/1317"}],"wp:attachment":[{"href":"https:\/\/radionewsmisiones.ar\/site\/wp-json\/wp\/v2\/media?parent=1315"}],"wp:term":[{"taxonomy":"category","embeddable":true,"href":"https:\/\/radionewsmisiones.ar\/site\/wp-json\/wp\/v2\/categories?post=1315"},{"taxonomy":"post_tag","embeddable":true,"href":"https:\/\/radionewsmisiones.ar\/site\/wp-json\/wp\/v2\/tags?post=1315"}],"curies":[{"name":"wp","href":"https:\/\/api.w.org\/{rel}","templated":true}]}}