{"id":1402,"date":"2022-09-02T06:57:55","date_gmt":"2022-09-02T09:57:55","guid":{"rendered":"https:\/\/radionewsmisiones.ar\/site\/?p=1402"},"modified":"2022-09-02T06:58:00","modified_gmt":"2022-09-02T09:58:00","slug":"conmocion-por-un-intento-de-magnicidio-contra-la-vicepresidenta","status":"publish","type":"post","link":"https:\/\/radionewsmisiones.ar\/site\/nacionales\/conmocion-por-un-intento-de-magnicidio-contra-la-vicepresidenta\/","title":{"rendered":"Conmoci\u00f3n por un intento de magnicidio contra la Vicepresidenta"},"content":{"rendered":"\n<p>El ataque, sin precedentes en esta etapa de la democracia argentina, mereci\u00f3 el inmediato repudio de ministros, legisladores, encumbrados dirigentes pol\u00edticos de la oposici\u00f3n y el oficialismo, sindicatos y personalidades de distintos sectores, que pidieron el esclarecimiento del caso.<\/p>\n\n\n\n<p>El ataque qued\u00f3 captado en im\u00e1genes tomadas por la Televisi\u00f3n P\u00fablica en las inmediaciones del domicilio de la exmandataria, mientras el agresor, identificado como Fernando Andre Sabag Montiel, qued\u00f3 detenido por agentes de la Polic\u00eda Federal.<\/p>\n\n\n\n<figure class=\"wp-block-video\"><video controls src=\"https:\/\/radionewsmisiones.ar\/site\/wp-content\/uploads\/2022\/09\/WhatsApp-Video-2022-09-01-at-22.47.30.mp4\"><\/video><\/figure>\n\n\n\n<p>En una de las im\u00e1genes difundidas se ve con nitidez cuando la Vicepresidenta acababa de bajar de un auto para entrar a su domicilio y un arma se acerca a su cabeza. En la imagen parece que el agresor intenta disparar.<\/p>\n\n\n\n<p>El presidente Alberto Fern\u00e1ndez consider\u00f3 al hecho como \u00abel m\u00e1s grave\u00bb desde el regreso de la democracia y declar\u00f3 a este viernes feriado nacional \u00abpara que en paz y armon\u00eda el pueblo pueda expresarse en defensa de la vida y la democracia y en solidaridad con nuestra Vicepresidenta\u00bb.<\/p>\n\n\n\n<p>El jefe de Estado dio un discurso por cadena nacional poco minutos despu\u00e9s de la medianoche, mientras que el jefe de Gabinete Juan Manzur, convoc\u00f3 a una reuni\u00f3n de gabinete para las 8.30.<\/p>\n","protected":false},"excerpt":{"rendered":"<p>El ataque, sin precedentes en esta etapa de la democracia argentina, mereci&oacute; el inmediato repudio de ministros, legisladores, encumbrados dirigentes pol&iacute;ticos de la oposici&oacute;n y el oficialismo, sindicatos y personalidades&hellip; <\/p>\n","protected":false},"author":3,"featured_media":1403,"comment_status":"closed","ping_status":"open","sticky":false,"template":"","format":"standard","meta":{"_monsterinsights_skip_tracking":false,"_monsterinsights_sitenote_active":false,"_monsterinsights_sitenote_note":"","_monsterinsights_sitenote_category":0},"categories":[4],"tags":[44],"aioseo_notices":[],"_links":{"self":[{"href":"https:\/\/radionewsmisiones.ar\/site\/wp-json\/wp\/v2\/posts\/1402"}],"collection":[{"href":"https:\/\/radionewsmisiones.ar\/site\/wp-json\/wp\/v2\/posts"}],"about":[{"href":"https:\/\/radionewsmisiones.ar\/site\/wp-json\/wp\/v2\/types\/post"}],"author":[{"embeddable":true,"href":"https:\/\/radionewsmisiones.ar\/site\/wp-json\/wp\/v2\/users\/3"}],"replies":[{"embeddable":true,"href":"https:\/\/radionewsmisiones.ar\/site\/wp-json\/wp\/v2\/comments?post=1402"}],"version-history":[{"count":1,"href":"https:\/\/radionewsmisiones.ar\/site\/wp-json\/wp\/v2\/posts\/1402\/revisions"}],"predecessor-version":[{"id":1405,"href":"https:\/\/radionewsmisiones.ar\/site\/wp-json\/wp\/v2\/posts\/1402\/revisions\/1405"}],"wp:featuredmedia":[{"embeddable":true,"href":"https:\/\/radionewsmisiones.ar\/site\/wp-json\/wp\/v2\/media\/1403"}],"wp:attachment":[{"href":"https:\/\/radionewsmisiones.ar\/site\/wp-json\/wp\/v2\/media?parent=1402"}],"wp:term":[{"taxonomy":"category","embeddable":true,"href":"https:\/\/radionewsmisiones.ar\/site\/wp-json\/wp\/v2\/categories?post=1402"},{"taxonomy":"post_tag","embeddable":true,"href":"https:\/\/radionewsmisiones.ar\/site\/wp-json\/wp\/v2\/tags?post=1402"}],"curies":[{"name":"wp","href":"https:\/\/api.w.org\/{rel}","templated":true}]}}