{"id":1406,"date":"2022-09-02T07:06:34","date_gmt":"2022-09-02T10:06:34","guid":{"rendered":"https:\/\/radionewsmisiones.ar\/site\/?p=1406"},"modified":"2022-09-02T07:06:46","modified_gmt":"2022-09-02T10:06:46","slug":"este-hecho-es-de-una-enorme-gravedad-el-mas-grave-desde-el-retorno-de-la-democracia","status":"publish","type":"post","link":"https:\/\/radionewsmisiones.ar\/site\/nacionales\/este-hecho-es-de-una-enorme-gravedad-el-mas-grave-desde-el-retorno-de-la-democracia\/","title":{"rendered":"\u201cEste hecho es de una enorme gravedad, el m\u00e1s grave desde el retorno de la Democracia\u201d"},"content":{"rendered":"\n<p>El presidente Alberto Fern\u00e1ndez afirm\u00f3 que \u00abla paz social ha sido alterada\u00bb tras el atentado contra la vida de Cristina Fern\u00e1ndez de Kirchner y anunci\u00f3 un feriado nacional para este viernes \u00abpara que en paz y armon\u00eda el pueblo argentino pueda expresarse en defensa de la vida, de la democracia y en solidaridad con nuestra vicepresidenta\u00bb.<\/p>\n\n\n\n<figure class=\"wp-block-embed is-type-video is-provider-youtube wp-block-embed-youtube wp-embed-aspect-16-9 wp-has-aspect-ratio\"><div class=\"wp-block-embed__wrapper\">\n<iframe loading=\"lazy\" title=\"CADENA NACIONAL - Mensaje del Presidente de la Naci\u00f3n, Alberto Fern\u00e1ndez.\" width=\"1110\" height=\"624\" src=\"https:\/\/www.youtube.com\/embed\/Yyp-hNQgks4?feature=oembed\" frameborder=\"0\" allow=\"accelerometer; autoplay; clipboard-write; encrypted-media; gyroscope; picture-in-picture\" allowfullscreen><\/iframe>\n<\/div><\/figure>\n\n\n\n<p><strong>\u00abEs necesario desterrar la violencia del discurso pol\u00edtico y medi\u00e1tico\u00bb, dijo el mandatario<\/strong> en un mensaje grabado y difundido en cadena nacional desde la Quinta Presidencial de Olivos.<\/p>\n\n\n\n<p>Fern\u00e1ndez refiri\u00f3 que el atentado contra Fern\u00e1ndez de Kirchner fue el hecho \u00abes de una enorme gravedad, el m\u00e1s grave que ha sucedido desde que hemos recuperado democracia\u00bb.<\/p>\n\n\n\n<p>\u00abMerece el m\u00e1s en\u00e9rgico repudio de toda la sociedad argentina, de todos los sectores pol\u00edticos y todos los hombres y las mujeres de la rep\u00fablica, porque estos hechos afectan nuestra democracia\u00bb, remarc\u00f3 el jefe de Estado.<\/p>\n","protected":false},"excerpt":{"rendered":"<p>El presidente Alberto Fern&aacute;ndez afirm&oacute; que &laquo;la paz social ha sido alterada&raquo; tras el atentado contra la vida de Cristina Fern&aacute;ndez de Kirchner y anunci&oacute; un feriado nacional para este&hellip; <\/p>\n","protected":false},"author":3,"featured_media":1407,"comment_status":"closed","ping_status":"open","sticky":false,"template":"","format":"standard","meta":{"_monsterinsights_skip_tracking":false,"_monsterinsights_sitenote_active":false,"_monsterinsights_sitenote_note":"","_monsterinsights_sitenote_category":0},"categories":[4],"tags":[45,44],"aioseo_notices":[],"_links":{"self":[{"href":"https:\/\/radionewsmisiones.ar\/site\/wp-json\/wp\/v2\/posts\/1406"}],"collection":[{"href":"https:\/\/radionewsmisiones.ar\/site\/wp-json\/wp\/v2\/posts"}],"about":[{"href":"https:\/\/radionewsmisiones.ar\/site\/wp-json\/wp\/v2\/types\/post"}],"author":[{"embeddable":true,"href":"https:\/\/radionewsmisiones.ar\/site\/wp-json\/wp\/v2\/users\/3"}],"replies":[{"embeddable":true,"href":"https:\/\/radionewsmisiones.ar\/site\/wp-json\/wp\/v2\/comments?post=1406"}],"version-history":[{"count":1,"href":"https:\/\/radionewsmisiones.ar\/site\/wp-json\/wp\/v2\/posts\/1406\/revisions"}],"predecessor-version":[{"id":1408,"href":"https:\/\/radionewsmisiones.ar\/site\/wp-json\/wp\/v2\/posts\/1406\/revisions\/1408"}],"wp:featuredmedia":[{"embeddable":true,"href":"https:\/\/radionewsmisiones.ar\/site\/wp-json\/wp\/v2\/media\/1407"}],"wp:attachment":[{"href":"https:\/\/radionewsmisiones.ar\/site\/wp-json\/wp\/v2\/media?parent=1406"}],"wp:term":[{"taxonomy":"category","embeddable":true,"href":"https:\/\/radionewsmisiones.ar\/site\/wp-json\/wp\/v2\/categories?post=1406"},{"taxonomy":"post_tag","embeddable":true,"href":"https:\/\/radionewsmisiones.ar\/site\/wp-json\/wp\/v2\/tags?post=1406"}],"curies":[{"name":"wp","href":"https:\/\/api.w.org\/{rel}","templated":true}]}}