{"id":1409,"date":"2022-09-02T07:08:33","date_gmt":"2022-09-02T10:08:33","guid":{"rendered":"https:\/\/radionewsmisiones.ar\/site\/?p=1409"},"modified":"2022-09-02T07:08:40","modified_gmt":"2022-09-02T10:08:40","slug":"los-bloques-e-interbloques-del-senado-de-la-nacion-repudian-y-reclaman-el-esclarecimiento-del-intento-de-magnicidio-contra-la-vicepresidenta","status":"publish","type":"post","link":"https:\/\/radionewsmisiones.ar\/site\/nacionales\/los-bloques-e-interbloques-del-senado-de-la-nacion-repudian-y-reclaman-el-esclarecimiento-del-intento-de-magnicidio-contra-la-vicepresidenta\/","title":{"rendered":"LOS BLOQUES E INTERBLOQUES DEL SENADO DE LA NACI\u00d3N REPUDIAN  Y  RECLAMAN EL ESCLARECIMIENTO DEL INTENTO DE MAGNICIDIO CONTRA LA  VICEPRESIDENTA"},"content":{"rendered":"\n<p>Los bloques e interbloques del Senado de la Naci\u00f3n expresan su en\u00e9rgico repudio al intento de magnicidio contra la vicepresidenta Cristina Fern\u00e1ndez de Kirchner, ocurrido esta noche en las puertas de su domicilio.<\/p>\n\n\n\n<figure class=\"wp-block-embed is-type-video is-provider-youtube wp-block-embed-youtube wp-embed-aspect-16-9 wp-has-aspect-ratio\"><div class=\"wp-block-embed__wrapper\">\n<iframe loading=\"lazy\" title=\"CONFERENCIA DE PRENSA DE LOS BLOQUES DE SENADORES Y DIPUTADOS DEL FDT\" width=\"1110\" height=\"624\" src=\"https:\/\/www.youtube.com\/embed\/oOiFnHPdBBo?start=515&#038;feature=oembed\" frameborder=\"0\" allow=\"accelerometer; autoplay; clipboard-write; encrypted-media; gyroscope; picture-in-picture\" allowfullscreen><\/iframe>\n<\/div><\/figure>\n\n\n\n<p>Adem\u00e1s, manifestamos nuestra absoluta solidaridad con la se\u00f1ora Vicepresidenta y su familia.&nbsp;<\/p>\n\n\n\n<p>Exigimos el pronto y completo esclarecimiento de este hecho lamentable, que empa\u00f1a la vida en democracia.<\/p>\n\n\n\n<p>Exhortamos a la dirigencia toda y a la poblaci\u00f3n a buscar todos los caminos que conduzcan a la paz social.<\/p>\n","protected":false},"excerpt":{"rendered":"<p>Los bloques e interbloques del Senado de la Naci&oacute;n expresan su en&eacute;rgico repudio al intento de magnicidio contra la vicepresidenta Cristina Fern&aacute;ndez de Kirchner, ocurrido esta noche en las puertas&hellip; <\/p>\n","protected":false},"author":3,"featured_media":1410,"comment_status":"closed","ping_status":"open","sticky":false,"template":"","format":"standard","meta":{"_monsterinsights_skip_tracking":false,"_monsterinsights_sitenote_active":false,"_monsterinsights_sitenote_note":"","_monsterinsights_sitenote_category":0},"categories":[4],"tags":[44],"aioseo_notices":[],"_links":{"self":[{"href":"https:\/\/radionewsmisiones.ar\/site\/wp-json\/wp\/v2\/posts\/1409"}],"collection":[{"href":"https:\/\/radionewsmisiones.ar\/site\/wp-json\/wp\/v2\/posts"}],"about":[{"href":"https:\/\/radionewsmisiones.ar\/site\/wp-json\/wp\/v2\/types\/post"}],"author":[{"embeddable":true,"href":"https:\/\/radionewsmisiones.ar\/site\/wp-json\/wp\/v2\/users\/3"}],"replies":[{"embeddable":true,"href":"https:\/\/radionewsmisiones.ar\/site\/wp-json\/wp\/v2\/comments?post=1409"}],"version-history":[{"count":1,"href":"https:\/\/radionewsmisiones.ar\/site\/wp-json\/wp\/v2\/posts\/1409\/revisions"}],"predecessor-version":[{"id":1411,"href":"https:\/\/radionewsmisiones.ar\/site\/wp-json\/wp\/v2\/posts\/1409\/revisions\/1411"}],"wp:featuredmedia":[{"embeddable":true,"href":"https:\/\/radionewsmisiones.ar\/site\/wp-json\/wp\/v2\/media\/1410"}],"wp:attachment":[{"href":"https:\/\/radionewsmisiones.ar\/site\/wp-json\/wp\/v2\/media?parent=1409"}],"wp:term":[{"taxonomy":"category","embeddable":true,"href":"https:\/\/radionewsmisiones.ar\/site\/wp-json\/wp\/v2\/categories?post=1409"},{"taxonomy":"post_tag","embeddable":true,"href":"https:\/\/radionewsmisiones.ar\/site\/wp-json\/wp\/v2\/tags?post=1409"}],"curies":[{"name":"wp","href":"https:\/\/api.w.org\/{rel}","templated":true}]}}