{"id":1412,"date":"2022-09-02T07:37:30","date_gmt":"2022-09-02T10:37:30","guid":{"rendered":"https:\/\/radionewsmisiones.ar\/site\/?p=1412"},"modified":"2022-09-02T09:35:52","modified_gmt":"2022-09-02T12:35:52","slug":"el-gobierno-de-misiones-informo-la-adhesion-al-feriado-nacional","status":"publish","type":"post","link":"https:\/\/radionewsmisiones.ar\/site\/provinciales\/el-gobierno-de-misiones-informo-la-adhesion-al-feriado-nacional\/","title":{"rendered":"El Gobierno de Misiones inform\u00f3 la adhesi\u00f3n al feriado nacional"},"content":{"rendered":"\n<figure class=\"wp-block-embed is-type-rich is-provider-twitter wp-block-embed-twitter\"><div class=\"wp-block-embed__wrapper\">\n<blockquote class=\"twitter-tweet\" data-width=\"550\" data-dnt=\"true\"><p lang=\"es\" dir=\"ltr\"><a href=\"https:\/\/twitter.com\/hashtag\/ANUNCIO?src=hash&amp;ref_src=twsrc%5Etfw\">#ANUNCIO<\/a>: <br>En consonancia con lo decretado por el Gobierno Nacional el feriado rige tambi\u00e9n para  la provincia de <a href=\"https:\/\/twitter.com\/hashtag\/Misiones?src=hash&amp;ref_src=twsrc%5Etfw\">#Misiones<\/a>.<\/p>&mdash; Gobierno de Misiones (@gobmisiones) <a href=\"https:\/\/twitter.com\/gobmisiones\/status\/1565622360065150977?ref_src=twsrc%5Etfw\">September 2, 2022<\/a><\/blockquote><script async src=\"https:\/\/platform.twitter.com\/widgets.js\" charset=\"utf-8\"><\/script>\n<\/div><\/figure>\n\n\n\n<figure class=\"wp-block-embed is-type-rich is-provider-twitter wp-block-embed-twitter\"><div class=\"wp-block-embed__wrapper\">\n<blockquote class=\"twitter-tweet\" data-width=\"550\" data-dnt=\"true\"><p lang=\"es\" dir=\"ltr\">Repudio y condena al atentado contra la vida de la Vicepresidenta <a href=\"https:\/\/twitter.com\/CFKArgentina?ref_src=twsrc%5Etfw\">@cfkargentina<\/a>. <br>Un llamamiento profundo al cese de hostilidades y violencia en el orden nacional que siembran odio y divisi\u00f3n en la sociedad.<br>La paz y la concordia triunfar\u00e1n.<\/p>&mdash; Carlos Rovira (@rovira_carlos) <a href=\"https:\/\/twitter.com\/rovira_carlos\/status\/1565656828591149059?ref_src=twsrc%5Etfw\">September 2, 2022<\/a><\/blockquote><script async src=\"https:\/\/platform.twitter.com\/widgets.js\" charset=\"utf-8\"><\/script>\n<\/div><\/figure>\n\n\n\n<figure class=\"wp-block-embed is-type-rich is-provider-twitter wp-block-embed-twitter\"><div class=\"wp-block-embed__wrapper\">\n<blockquote class=\"twitter-tweet\" data-width=\"550\" data-dnt=\"true\"><p lang=\"es\" dir=\"ltr\">Mi solidaridad, respeto y apoyo a <a href=\"https:\/\/twitter.com\/CFKArgentina?ref_src=twsrc%5Etfw\">@CFKArgentina<\/a> y su familia ante el atentado que sufriera en estas horas. Un hecho de may\u00fascula gravedad para un pa\u00eds democr\u00e1tico.<\/p>&mdash; Oscar Herrera Ahuad (@herrerayflia) <a href=\"https:\/\/twitter.com\/herrerayflia\/status\/1565517244787875840?ref_src=twsrc%5Etfw\">September 2, 2022<\/a><\/blockquote><script async src=\"https:\/\/platform.twitter.com\/widgets.js\" charset=\"utf-8\"><\/script>\n<\/div><\/figure>\n\n\n\n<figure class=\"wp-block-embed is-type-rich is-provider-twitter wp-block-embed-twitter\"><div class=\"wp-block-embed__wrapper\">\n<blockquote class=\"twitter-tweet\" data-width=\"550\" data-dnt=\"true\"><p lang=\"es\" dir=\"ltr\">El Gobierno de Misiones inform\u00f3 que, en adhesi\u00f3n al feriado nacional decretado por el presidente Fern\u00e1ndez, se suspenden actividades escolares y administrativas estatales en consonancia con la medida del presidente para repudiar el atentado contra la vicepresidenta Kirchner.<\/p>&mdash; Educaci\u00f3n Misiones (@misioneseduca) <a href=\"https:\/\/twitter.com\/misioneseduca\/status\/1565638686921859072?ref_src=twsrc%5Etfw\">September 2, 2022<\/a><\/blockquote><script async src=\"https:\/\/platform.twitter.com\/widgets.js\" charset=\"utf-8\"><\/script>\n<\/div><\/figure>\n","protected":false},"excerpt":{"rendered":"","protected":false},"author":3,"featured_media":1413,"comment_status":"closed","ping_status":"open","sticky":false,"template":"","format":"standard","meta":{"_monsterinsights_skip_tracking":false,"_monsterinsights_sitenote_active":false,"_monsterinsights_sitenote_note":"","_monsterinsights_sitenote_category":0},"categories":[3],"tags":[],"aioseo_notices":[],"_links":{"self":[{"href":"https:\/\/radionewsmisiones.ar\/site\/wp-json\/wp\/v2\/posts\/1412"}],"collection":[{"href":"https:\/\/radionewsmisiones.ar\/site\/wp-json\/wp\/v2\/posts"}],"about":[{"href":"https:\/\/radionewsmisiones.ar\/site\/wp-json\/wp\/v2\/types\/post"}],"author":[{"embeddable":true,"href":"https:\/\/radionewsmisiones.ar\/site\/wp-json\/wp\/v2\/users\/3"}],"replies":[{"embeddable":true,"href":"https:\/\/radionewsmisiones.ar\/site\/wp-json\/wp\/v2\/comments?post=1412"}],"version-history":[{"count":2,"href":"https:\/\/radionewsmisiones.ar\/site\/wp-json\/wp\/v2\/posts\/1412\/revisions"}],"predecessor-version":[{"id":1415,"href":"https:\/\/radionewsmisiones.ar\/site\/wp-json\/wp\/v2\/posts\/1412\/revisions\/1415"}],"wp:featuredmedia":[{"embeddable":true,"href":"https:\/\/radionewsmisiones.ar\/site\/wp-json\/wp\/v2\/media\/1413"}],"wp:attachment":[{"href":"https:\/\/radionewsmisiones.ar\/site\/wp-json\/wp\/v2\/media?parent=1412"}],"wp:term":[{"taxonomy":"category","embeddable":true,"href":"https:\/\/radionewsmisiones.ar\/site\/wp-json\/wp\/v2\/categories?post=1412"},{"taxonomy":"post_tag","embeddable":true,"href":"https:\/\/radionewsmisiones.ar\/site\/wp-json\/wp\/v2\/tags?post=1412"}],"curies":[{"name":"wp","href":"https:\/\/api.w.org\/{rel}","templated":true}]}}