{"id":1416,"date":"2022-09-02T22:03:50","date_gmt":"2022-09-03T01:03:50","guid":{"rendered":"https:\/\/radionewsmisiones.ar\/site\/?p=1416"},"modified":"2022-09-02T22:03:54","modified_gmt":"2022-09-03T01:03:54","slug":"en-el-ministerio-de-trabajo-se-firmo-el-acuerdo-entre-la-cgt-mercado-central-la-camara-de-operadores-y-los-colonos","status":"publish","type":"post","link":"https:\/\/radionewsmisiones.ar\/site\/provinciales\/en-el-ministerio-de-trabajo-se-firmo-el-acuerdo-entre-la-cgt-mercado-central-la-camara-de-operadores-y-los-colonos\/","title":{"rendered":"En el Ministerio de Trabajo se firm\u00f3 el acuerdo entre la CGT, Mercado Central, la C\u00e1mara de Operadores y los colonos"},"content":{"rendered":"\n<p>En el Ministerio de Trabajo se firm\u00f3 el acuerdo entre la CGT, Mercado Central, la C\u00e1mara de Operadores y los colonos<\/p>\n\n\n\n<figure class=\"wp-block-image size-full\"><img loading=\"lazy\" width=\"1024\" height=\"768\" src=\"https:\/\/radionewsmisiones.ar\/site\/wp-content\/uploads\/2022\/09\/f9c96a14-4153-4140-8512-366e69b609a2.jpg\" alt=\"\" class=\"wp-image-1417\" srcset=\"https:\/\/radionewsmisiones.ar\/site\/wp-content\/uploads\/2022\/09\/f9c96a14-4153-4140-8512-366e69b609a2.jpg 1024w, https:\/\/radionewsmisiones.ar\/site\/wp-content\/uploads\/2022\/09\/f9c96a14-4153-4140-8512-366e69b609a2-300x225.jpg 300w, https:\/\/radionewsmisiones.ar\/site\/wp-content\/uploads\/2022\/09\/f9c96a14-4153-4140-8512-366e69b609a2-768x576.jpg 768w\" sizes=\"(max-width: 1024px) 100vw, 1024px\" \/><\/figure>\n\n\n\n<p>En el Ministerio de Trabajo se firm\u00f3 el acta acuerdo entre el Presidente del Mercado Central de Misiones, el presidente de la C\u00e1mara de Operadores y Comerciantes del Mercado Central, la Confederaci\u00f3n General del Trabajo Regional Misiones y colonos con el fin de lograr mejores condiciones de trabajo.<\/p>\n\n\n\n<p>El acuerdo incluye lo que respecta a la comercializaci\u00f3n de frutas y verduras en el predio del Mercado Central Misiones, en beneficio de todas las que se comprometieron a trabajar por la paz social.<\/p>\n\n\n\n<p>De la firma del acta acuerdo participaron la Ministra de Trabajo, Silvana Gim\u00e9nez; el Secretario General de la Confederaci\u00f3n General del Trabajo Regional Misiones, Jos\u00e9 M. Gim\u00e9nez; el Presidente del Mercado Central de Misiones, Jorge Brignole; el Presidente de la C\u00e1mara de Operadores y Comerciantes del Mercado Central de Misiones, Oscar Deis N\u00fa\u00f1ez; y Marcelo Horacio Guerrero en representaci\u00f3n de los colonos que operan en el Mercado Central.<\/p>\n","protected":false},"excerpt":{"rendered":"<p>En el Ministerio de Trabajo se firm&oacute; el acuerdo entre la CGT, Mercado Central, la C&aacute;mara de Operadores y los colonos En el Ministerio de Trabajo se firm&oacute; el acta&hellip; <\/p>\n","protected":false},"author":3,"featured_media":1418,"comment_status":"closed","ping_status":"open","sticky":false,"template":"","format":"standard","meta":{"_monsterinsights_skip_tracking":false,"_monsterinsights_sitenote_active":false,"_monsterinsights_sitenote_note":"","_monsterinsights_sitenote_category":0},"categories":[3],"tags":[],"aioseo_notices":[],"_links":{"self":[{"href":"https:\/\/radionewsmisiones.ar\/site\/wp-json\/wp\/v2\/posts\/1416"}],"collection":[{"href":"https:\/\/radionewsmisiones.ar\/site\/wp-json\/wp\/v2\/posts"}],"about":[{"href":"https:\/\/radionewsmisiones.ar\/site\/wp-json\/wp\/v2\/types\/post"}],"author":[{"embeddable":true,"href":"https:\/\/radionewsmisiones.ar\/site\/wp-json\/wp\/v2\/users\/3"}],"replies":[{"embeddable":true,"href":"https:\/\/radionewsmisiones.ar\/site\/wp-json\/wp\/v2\/comments?post=1416"}],"version-history":[{"count":1,"href":"https:\/\/radionewsmisiones.ar\/site\/wp-json\/wp\/v2\/posts\/1416\/revisions"}],"predecessor-version":[{"id":1419,"href":"https:\/\/radionewsmisiones.ar\/site\/wp-json\/wp\/v2\/posts\/1416\/revisions\/1419"}],"wp:featuredmedia":[{"embeddable":true,"href":"https:\/\/radionewsmisiones.ar\/site\/wp-json\/wp\/v2\/media\/1418"}],"wp:attachment":[{"href":"https:\/\/radionewsmisiones.ar\/site\/wp-json\/wp\/v2\/media?parent=1416"}],"wp:term":[{"taxonomy":"category","embeddable":true,"href":"https:\/\/radionewsmisiones.ar\/site\/wp-json\/wp\/v2\/categories?post=1416"},{"taxonomy":"post_tag","embeddable":true,"href":"https:\/\/radionewsmisiones.ar\/site\/wp-json\/wp\/v2\/tags?post=1416"}],"curies":[{"name":"wp","href":"https:\/\/api.w.org\/{rel}","templated":true}]}}