{"id":1436,"date":"2022-09-02T22:19:26","date_gmt":"2022-09-03T01:19:26","guid":{"rendered":"https:\/\/radionewsmisiones.ar\/site\/?p=1436"},"modified":"2022-09-02T22:19:32","modified_gmt":"2022-09-03T01:19:32","slug":"el-municipio-acompano-a-las-familias-afectadas-por-el-temporal","status":"publish","type":"post","link":"https:\/\/radionewsmisiones.ar\/site\/provinciales\/el-municipio-acompano-a-las-familias-afectadas-por-el-temporal\/","title":{"rendered":"El Municipio acompa\u00f1\u00f3 a las familias afectadas por el temporal"},"content":{"rendered":"\n<p>Cuadrillas de agentes municipales recorrieron los barrios afectados por la lluvia que se abati\u00f3 durante la ma\u00f1ana del viernes y noche del jueves, desplegando operativos en distintos puntos de la ciudad para brindar asistencia a los vecinos afectados por la lluvia.<\/p>\n\n\n\n<figure class=\"wp-block-image size-large\"><img loading=\"lazy\" width=\"1024\" height=\"576\" src=\"https:\/\/radionewsmisiones.ar\/site\/wp-content\/uploads\/2022\/09\/WhatsApp-Image-2022-09-02-at-15.41.32-1024x576.jpeg\" alt=\"\" class=\"wp-image-1438\" srcset=\"https:\/\/radionewsmisiones.ar\/site\/wp-content\/uploads\/2022\/09\/WhatsApp-Image-2022-09-02-at-15.41.32-1024x576.jpeg 1024w, https:\/\/radionewsmisiones.ar\/site\/wp-content\/uploads\/2022\/09\/WhatsApp-Image-2022-09-02-at-15.41.32-300x169.jpeg 300w, https:\/\/radionewsmisiones.ar\/site\/wp-content\/uploads\/2022\/09\/WhatsApp-Image-2022-09-02-at-15.41.32-768x432.jpeg 768w, https:\/\/radionewsmisiones.ar\/site\/wp-content\/uploads\/2022\/09\/WhatsApp-Image-2022-09-02-at-15.41.32.jpeg 1032w\" sizes=\"(max-width: 1024px) 100vw, 1024px\" \/><\/figure>\n\n\n\n<p>Los trabajos se realizaron en el Barrio El Porvenir II acompa\u00f1ando a Norma, quien tiene a su cargo el Comedor Municipal \u201cLos Peques\u201d, cuyas instalaciones tambi\u00e9n sufrieron inundaciones; y en el Barrio Bel\u00e9n, donde se le facilitaron materiales a otra familia.<\/p>\n\n\n\n<p>Tambi\u00e9n se acompa\u00f1\u00f3 a las familias del Barrio Sol De Misiones y de la Chacra 252, qui\u00e9nes tambi\u00e9n sufrieron da\u00f1os en los techos de sus viviendas. Adem\u00e1s, los agentes de la Direcci\u00f3n de Emergencia Social entregaron materiales para la soluci\u00f3n de filtraciones e inundaciones provocadas por el temporal, as\u00ed como kits de emergencia.<\/p>\n\n\n\n<p>Asimismo, el jueves por la noche, el personal municipal brind\u00f3 ayuda a la familia Ruiz D\u00edaz del Barrio Santa Rita, quienes sufrieron la voladura del techo de su vivienda. Tambi\u00e9n trabajaron en la Chacra 118 y 246 en la asistencia y contenci\u00f3n a vecinos que tambi\u00e9n vieron afectadas sus viviendas por el fuerte temporal.<\/p>\n\n\n\n<p>Por otra parte, el equipo desobstructor de la Secretar\u00eda de Obras y Servicios P\u00fablicos llev\u00f3 adelante la limpieza de desag\u00fces pluviales en el Barrio Villa Madariaga y Los Para\u00edsos.<\/p>\n\n\n\n<p>Se recuerda que ante cualquier emergencia, pueden comunicarse al n\u00famero de tel\u00e9fono 444-9063. La Direcci\u00f3n de Emergencia Social, dependiente de la Unidad de Coordinaci\u00f3n y Control de Gesti\u00f3n, mantiene constante comunicaci\u00f3n con las Delegaciones Municipales, manteniendo las guardias y cuadrillas operativas.<\/p>\n","protected":false},"excerpt":{"rendered":"<p>Cuadrillas de agentes municipales recorrieron los barrios afectados por la lluvia que se abati&oacute; durante la ma&ntilde;ana del viernes y noche del jueves, desplegando operativos en distintos puntos de la&hellip; <\/p>\n","protected":false},"author":3,"featured_media":1439,"comment_status":"closed","ping_status":"open","sticky":false,"template":"","format":"standard","meta":{"_monsterinsights_skip_tracking":false,"_monsterinsights_sitenote_active":false,"_monsterinsights_sitenote_note":"","_monsterinsights_sitenote_category":0},"categories":[3],"tags":[22],"aioseo_notices":[],"_links":{"self":[{"href":"https:\/\/radionewsmisiones.ar\/site\/wp-json\/wp\/v2\/posts\/1436"}],"collection":[{"href":"https:\/\/radionewsmisiones.ar\/site\/wp-json\/wp\/v2\/posts"}],"about":[{"href":"https:\/\/radionewsmisiones.ar\/site\/wp-json\/wp\/v2\/types\/post"}],"author":[{"embeddable":true,"href":"https:\/\/radionewsmisiones.ar\/site\/wp-json\/wp\/v2\/users\/3"}],"replies":[{"embeddable":true,"href":"https:\/\/radionewsmisiones.ar\/site\/wp-json\/wp\/v2\/comments?post=1436"}],"version-history":[{"count":1,"href":"https:\/\/radionewsmisiones.ar\/site\/wp-json\/wp\/v2\/posts\/1436\/revisions"}],"predecessor-version":[{"id":1440,"href":"https:\/\/radionewsmisiones.ar\/site\/wp-json\/wp\/v2\/posts\/1436\/revisions\/1440"}],"wp:featuredmedia":[{"embeddable":true,"href":"https:\/\/radionewsmisiones.ar\/site\/wp-json\/wp\/v2\/media\/1439"}],"wp:attachment":[{"href":"https:\/\/radionewsmisiones.ar\/site\/wp-json\/wp\/v2\/media?parent=1436"}],"wp:term":[{"taxonomy":"category","embeddable":true,"href":"https:\/\/radionewsmisiones.ar\/site\/wp-json\/wp\/v2\/categories?post=1436"},{"taxonomy":"post_tag","embeddable":true,"href":"https:\/\/radionewsmisiones.ar\/site\/wp-json\/wp\/v2\/tags?post=1436"}],"curies":[{"name":"wp","href":"https:\/\/api.w.org\/{rel}","templated":true}]}}