{"id":1441,"date":"2022-09-02T22:21:03","date_gmt":"2022-09-03T01:21:03","guid":{"rendered":"https:\/\/radionewsmisiones.ar\/site\/?p=1441"},"modified":"2022-09-02T22:21:07","modified_gmt":"2022-09-03T01:21:07","slug":"buscan-crear-el-programa-provincial-de-hemato-oncologia-pediatrica","status":"publish","type":"post","link":"https:\/\/radionewsmisiones.ar\/site\/provinciales\/buscan-crear-el-programa-provincial-de-hemato-oncologia-pediatrica\/","title":{"rendered":"Buscan crear el Programa Provincial de Hemato-oncolog\u00eda Pedi\u00e1trica"},"content":{"rendered":"\n<p><strong>El objetivo es brindar atenci\u00f3n integral a ni\u00f1os, ni\u00f1as y adolescentes con diagn\u00f3stico de c\u00e1ncer.<\/strong>&nbsp;<strong>La iniciativa, que unifica aportes de un conjunto de proyectos, tuvo dictamen de los integrantes de la Comisi\u00f3n de Salud del Parlamento Misionero.<\/strong><\/p>\n\n\n\n<p>De la reuni\u00f3n participaron la gerente asistencial del Hospital de Pediatr\u00eda, Liliana Fern\u00e1ndez Sosa; el jefe del servicio de Onco \u2013 hematolog\u00eda del Hospital, Fernando Gonz\u00e1lez; la hemato \u2013 onc\u00f3loga pediatra, Sandra Borchichi; y la presidente de la Asociaci\u00f3n Civil Creaci\u00f3n, conocida como \u201cLa casita\u201d de ayuda a ni\u00f1os con c\u00e1ncer.&nbsp;&nbsp;<\/p>\n\n\n\n<figure class=\"wp-block-image size-large\"><img loading=\"lazy\" width=\"1024\" height=\"580\" src=\"https:\/\/radionewsmisiones.ar\/site\/wp-content\/uploads\/2022\/09\/DSC05489-1024x580.jpg\" alt=\"\" class=\"wp-image-1442\" srcset=\"https:\/\/radionewsmisiones.ar\/site\/wp-content\/uploads\/2022\/09\/DSC05489-1024x580.jpg 1024w, https:\/\/radionewsmisiones.ar\/site\/wp-content\/uploads\/2022\/09\/DSC05489-300x170.jpg 300w, https:\/\/radionewsmisiones.ar\/site\/wp-content\/uploads\/2022\/09\/DSC05489-768x435.jpg 768w, https:\/\/radionewsmisiones.ar\/site\/wp-content\/uploads\/2022\/09\/DSC05489-1536x870.jpg 1536w, https:\/\/radionewsmisiones.ar\/site\/wp-content\/uploads\/2022\/09\/DSC05489.jpg 1600w\" sizes=\"(max-width: 1024px) 100vw, 1024px\" \/><\/figure>\n\n\n\n<p>El programa tendr\u00e1 por finalidad minimizar la morbimortalidad y secuelas vinculadas a las enfermedades oncol\u00f3gicas y hemato-oncol\u00f3gicas de ni\u00f1os, ni\u00f1as y adolescentes, mejorar la calidad de vida y la sobrevida del paciente; y garantizar la atenci\u00f3n m\u00e9dica multidisciplinaria con enfoque hol\u00edstico, el acceso a estudios y pr\u00e1cticas diagn\u00f3sticas, terap\u00e9uticas, quir\u00fargicas, psicol\u00f3gicas, de rehabilitaci\u00f3n, paliativas y otras terapias necesarias para el abordaje, tratamiento y control de la enfermedad y de las complicaciones asociadas.<\/p>\n\n\n\n<p>Adem\u00e1s promover el uso de la Tecnolog\u00eda de la Informaci\u00f3n y la Comunicaci\u00f3n (TIC) permitiendo la consulta y seguimiento de pacientes a distancia; impulsar la inclusi\u00f3n social activa del paciente, garantizando el acceso efectivo a la educaci\u00f3n, a los medios y la tecnolog\u00eda necesarios para mejorar la eficiencia y productividad acad\u00e9mica; y crear espacios l\u00fadicos para los pacientes en tratamiento, que combinen aspectos m\u00e9dicos, recreacionales, educativos y de contenci\u00f3n emocional, a fin de reducir el impacto negativo de la hospitalizaci\u00f3n.<\/p>\n\n\n\n<p>El art\u00edculo 3 de la norma propuesta especifica que los ni\u00f1os, ni\u00f1as y adolescentes que padecen c\u00e1ncer tienen derecho a recibir los mejores cuidados disponibles, priorizando el tratamiento ambulatorio, siendo la estancia en el hospital lo m\u00e1s breve posible de acuerdo al tratamiento; y estar acompa\u00f1ados de sus referentes familiares o de cuidado, quienes pueden participar de la estancia hospitalaria sin que ello les represente costos adicionales ni obstaculice el tratamiento del ni\u00f1o, ni\u00f1a o adolescente paciente.<\/p>\n\n\n\n<p>Adem\u00e1s a ser informados sobre su enfermedad y su tratamiento, de una forma que puedan comprenderla con facilidad y que les permita tomar decisiones, con la asistencia de sus representantes legales cuando fuera necesario, es decir, al consentimiento informado, conforme a lo establecido en el art\u00edculo 26 de la Ley Nacional 26.994, C\u00f3digo Civil y Comercial de la Naci\u00f3n y dem\u00e1s leyes vigentes en la materia; a que un profesional de referencia los atienda de manera individualizada; obtener acompa\u00f1amiento psicol\u00f3gico, tanto ellos como sus referentes familiares o de cuidado; al descanso, el esparcimiento y el juego; la educaci\u00f3n; y a recibir tratamiento del dolor y cuidados paliativos.<\/p>\n\n\n\n<p>De aprobarse el proyecto de ley la autoridad de aplicaci\u00f3n deber\u00e1 generar un Protocolo de Respuesta Inmediata ante la detecci\u00f3n de un caso urgente de riesgo por vulnerabilidad social.<\/p>\n\n\n\n<p>Asimismo estipula la creaci\u00f3n de la Red Provincial de Atenci\u00f3n Multidisciplinaria para Ni\u00f1os, Ni\u00f1as y Adolescentes con Diagn\u00f3stico de Enfermedades Oncol\u00f3gicas o Hemato-Oncol\u00f3gicas, destinada a facilitar y coordinar la participaci\u00f3n de los efectores de salud, centros oncol\u00f3gicos, servicios m\u00e9dicos y laboratorios del sistema p\u00fablico de salud, que abordan el diagn\u00f3stico, la asistencia o el tratamiento de ni\u00f1os, ni\u00f1as y adolescentes que presentan enfermedades oncol\u00f3gicas o hemato-oncol\u00f3gicas, favoreciendo la continuidad de la atenci\u00f3n del paciente, con el fin de mejorar la accesibilidad, calidad y eficiencia del Programa.<\/p>\n\n\n\n<p>Por \u00faltimo propone la implementaci\u00f3n de Salas de Juegos Terap\u00e9uticas dentro de los establecimientos sanitarios del sistema p\u00fablico que brindan atenci\u00f3n y tratamiento a pacientes oncopedi\u00e1tricos.<\/p>\n\n\n\n<p>Por \u00faltimo establece la adhesi\u00f3n de la provincia a la Ley Nacional 27.674 de Creaci\u00f3n del R\u00e9gimen de Protecci\u00f3n Integral del Ni\u00f1o, Ni\u00f1a y Adolescente con C\u00e1ncer.<\/p>\n","protected":false},"excerpt":{"rendered":"<p>El objetivo es brindar atenci&oacute;n integral a ni&ntilde;os, ni&ntilde;as y adolescentes con diagn&oacute;stico de c&aacute;ncer.&nbsp;La iniciativa, que unifica aportes de un conjunto de proyectos, tuvo dictamen de los integrantes de&hellip; <\/p>\n","protected":false},"author":3,"featured_media":1443,"comment_status":"closed","ping_status":"open","sticky":false,"template":"","format":"standard","meta":{"_monsterinsights_skip_tracking":false,"_monsterinsights_sitenote_active":false,"_monsterinsights_sitenote_note":"","_monsterinsights_sitenote_category":0},"categories":[3],"tags":[7],"aioseo_notices":[],"_links":{"self":[{"href":"https:\/\/radionewsmisiones.ar\/site\/wp-json\/wp\/v2\/posts\/1441"}],"collection":[{"href":"https:\/\/radionewsmisiones.ar\/site\/wp-json\/wp\/v2\/posts"}],"about":[{"href":"https:\/\/radionewsmisiones.ar\/site\/wp-json\/wp\/v2\/types\/post"}],"author":[{"embeddable":true,"href":"https:\/\/radionewsmisiones.ar\/site\/wp-json\/wp\/v2\/users\/3"}],"replies":[{"embeddable":true,"href":"https:\/\/radionewsmisiones.ar\/site\/wp-json\/wp\/v2\/comments?post=1441"}],"version-history":[{"count":1,"href":"https:\/\/radionewsmisiones.ar\/site\/wp-json\/wp\/v2\/posts\/1441\/revisions"}],"predecessor-version":[{"id":1444,"href":"https:\/\/radionewsmisiones.ar\/site\/wp-json\/wp\/v2\/posts\/1441\/revisions\/1444"}],"wp:featuredmedia":[{"embeddable":true,"href":"https:\/\/radionewsmisiones.ar\/site\/wp-json\/wp\/v2\/media\/1443"}],"wp:attachment":[{"href":"https:\/\/radionewsmisiones.ar\/site\/wp-json\/wp\/v2\/media?parent=1441"}],"wp:term":[{"taxonomy":"category","embeddable":true,"href":"https:\/\/radionewsmisiones.ar\/site\/wp-json\/wp\/v2\/categories?post=1441"},{"taxonomy":"post_tag","embeddable":true,"href":"https:\/\/radionewsmisiones.ar\/site\/wp-json\/wp\/v2\/tags?post=1441"}],"curies":[{"name":"wp","href":"https:\/\/api.w.org\/{rel}","templated":true}]}}