{"id":1445,"date":"2022-09-02T22:23:08","date_gmt":"2022-09-03T01:23:08","guid":{"rendered":"https:\/\/radionewsmisiones.ar\/site\/?p=1445"},"modified":"2022-09-02T22:23:13","modified_gmt":"2022-09-03T01:23:13","slug":"la-legislatura-reconocio-por-ley-los-deportes-electronicos","status":"publish","type":"post","link":"https:\/\/radionewsmisiones.ar\/site\/provinciales\/la-legislatura-reconocio-por-ley-los-deportes-electronicos\/","title":{"rendered":"La Legislatura reconoci\u00f3 por ley los deportes electr\u00f3nicos"},"content":{"rendered":"\n<p><strong>En la sesi\u00f3n semanal, los legisladores aprobaron la iniciativa del presidente de la C\u00e1mara de Representantes, diputado Carlos Rovira, con el objetivo de regular y fomentar estas pr\u00e1cticas. Tambi\u00e9n instituyeron el mes provincial de la ni\u00f1ez, ampliaron un programa para incluir h\u00e1bitos de vida saludables, crearon otro para la utilizaci\u00f3n del polvo de roca bas\u00e1ltica y donaron un inmueble a un municipio de la provincia. Participaron tambi\u00e9n de la sesi\u00f3n ministros, intendentes y funcionarios del Poder Ejecutivo, quienes acompa\u00f1aron el tratamiento de las diferentes normas.<\/strong><\/p>\n\n\n\n<p>La sanci\u00f3n de la ley presentada por Rovira implic\u00f3 la incorporaci\u00f3n en la Ley Provincial de Deporte del reconocimiento de los deportes electr\u00f3nicos o videojuegos como categor\u00eda deportiva y recreativa.<\/p>\n\n\n\n<figure class=\"wp-block-image size-large\"><img loading=\"lazy\" width=\"1024\" height=\"577\" src=\"https:\/\/radionewsmisiones.ar\/site\/wp-content\/uploads\/2022\/09\/DSC03809-1024x577.jpg\" alt=\"\" class=\"wp-image-1446\" srcset=\"https:\/\/radionewsmisiones.ar\/site\/wp-content\/uploads\/2022\/09\/DSC03809-1024x577.jpg 1024w, https:\/\/radionewsmisiones.ar\/site\/wp-content\/uploads\/2022\/09\/DSC03809-300x169.jpg 300w, https:\/\/radionewsmisiones.ar\/site\/wp-content\/uploads\/2022\/09\/DSC03809-768x433.jpg 768w, https:\/\/radionewsmisiones.ar\/site\/wp-content\/uploads\/2022\/09\/DSC03809-1536x866.jpg 1536w, https:\/\/radionewsmisiones.ar\/site\/wp-content\/uploads\/2022\/09\/DSC03809.jpg 1600w\" sizes=\"(max-width: 1024px) 100vw, 1024px\" \/><\/figure>\n\n\n\n<p>Los deportes electr\u00f3nicos son entendidos como actividades que se ejecutan a trav\u00e9s de dispositivos electr\u00f3nicos tales como computadoras, consolas de juegos o dispositivos m\u00f3viles, que permiten la competencia en diversas plataformas.<\/p>\n\n\n\n<p>En los fundamentos del proyecto, el legislador destac\u00f3 necesidad de regular la actividad y consider\u00f3 que esta modificaci\u00f3n de la ley de deportes es \u201cun paso inicial para luego dictar una normativa espec\u00edfica una vez que la pr\u00e1ctica de esta actividad se siga expandiendo\u201d<\/p>\n\n\n\n<p>\u201cEsta norma permite insertar los deportes electr\u00f3nicos en las herramientas jur\u00eddicas existentes en el derecho local como un primer paso, para luego de desarrollada con madurez, puedan buscarse alternativas de regulaci\u00f3n integral que sean efectivas y propias de nuestra tradici\u00f3n\u201d, ampli\u00f3.<\/p>\n\n\n\n<p>\u201cNuestro proyecto pol\u00edtico es conocido por apostar a la innovaci\u00f3n tecnol\u00f3gica como herramienta de desarrollo\u201d, afirm\u00f3 Rovira. \u201cLos dirigentes debemos imponernos y establecer metas elevadas y salidas innovadoras con la responsabilidad de sembrar y fortalecer caminos\u201d, sentenci\u00f3.<\/p>\n\n\n\n<p>\u201cLos objetivos buscados por nuestras ideas pol\u00edticas son desarrollar una comunidad plenamente integrada y sostenible a trav\u00e9s de la colaboraci\u00f3n, la innovaci\u00f3n y la tecnolog\u00eda; crear un entorno innovador y productivo, a trav\u00e9s de una cultura que maximice el valor de las personas; y conectar empresas emergentes, l\u00edderes en tecnolog\u00eda, y organizaciones del sector p\u00fablico y privado con el potencial acad\u00e9mico, cient\u00edfico y tecnol\u00f3gico de la provincia\u201d, precis\u00f3.<\/p>\n\n\n\n<p>En la sesi\u00f3n, la diputada Cristina Bandera inform\u00f3 que esta norma tendr\u00e1 \u201ccomo objetivo reconocer la pr\u00e1ctica de los deportes electr\u00f3nicos dentro del ordenamiento legal provincial, con la finalidad de regular y fomentar su pr\u00e1ctica\u201d.<\/p>\n\n\n\n<p>Se\u00f1al\u00f3 que, \u201cArgentina se ubica detr\u00e1s de M\u00e9xico y Brasil como el tercer mercado m\u00e1s grande de la regi\u00f3n, y en los \u00faltimos a\u00f1os registr\u00f3 un avance del 40% de usuarios casuales que profundizaron su inter\u00e9s en el entrenamiento digital, y la juventud misionera no es ajena a eso\u201d, y agreg\u00f3 que \u201cesta iniciativa pone nuevamente a la vanguardia a la provincia de Misiones\u201d.<\/p>\n\n\n\n<p>Adem\u00e1s, la C\u00e1mara de Representantes instituy\u00f3 agosto como \u201cMes Provincial de la Ni\u00f1ez\u201d, para potenciar el desarrollo de pol\u00edticas p\u00fablicas que reconocen a los ni\u00f1os como sujetos de derecho, desde un enfoque multidimensional, de manera tal que se fomente su participaci\u00f3n y el ejercicio pleno de su derecho a la recreaci\u00f3n.<\/p>\n\n\n\n<p>Con la ley se busca desarrollar acciones que garanticen el derecho al juego como pol\u00edtica p\u00fablica; sensibilizar a los actores sociales respecto a la importancia de concebir a los ni\u00f1os y a las ni\u00f1as como sujetos de derecho; e incentivar el desarrollo de una cultura de ciudadan\u00eda activa y transformadora desde la ni\u00f1ez en relaci\u00f3n a la defensa de los derechos humanos, mediante el fortalecimiento de las capacidades y las competencias, la incidencia, el liderazgo y el intercambio de experiencias.<\/p>\n\n\n\n<p>El autor de la ley, Mart\u00edn Cesino, en los fundamentos del proyecto, manifest\u00f3 que \u201cesto permitir\u00e1 potenciar el desarrollo integral de la ni\u00f1ez como promotores de derechos para que conozcan, promuevan y act\u00faen como multiplicadores y defensores de los derechos que los ata\u00f1en, con sus pares, en sus familias y en la comunidad\u201d.<\/p>\n\n\n\n<p>\u201cTodo a partir del lenguaje natural de la ni\u00f1ez, como lo es el juego que le da sentido a su vida y aporta a su desarrollo humano, como parte integral de sus derechos\u201d, agreg\u00f3.<\/p>\n\n\n\n<p>En el recinto, Cesino manifest\u00f3 que \u201cesta es una ley transversal, que va a ser muy importante porque viene a fortalecer, acompa\u00f1ar y potenciar ese camino que hemos trazado hace muchos a\u00f1os como provincia; el de las pol\u00edticas p\u00fablicas, de inclusi\u00f3n, de equidad e igualdad de oportunidades, fundamentalmente cuidando, protegiendo y guiando esa atenci\u00f3n integral de nuestros Ni\u00f1os, Ni\u00f1as y Adolescentes\u201d.<\/p>\n\n\n\n<p>\u201cAntes el d\u00eda del ni\u00f1o era el primero, segundo o tercer domingo de agosto, los tiempos cambiaron y hoy hablamos de instituir el mes de agosto como el Mes de la Ni\u00f1ez y la Infancia, que era importante y necesaria\u201d, coment\u00f3 el diputado.<\/p>\n\n\n\n<p>Cesino dijo adem\u00e1s que, \u201cesta es una ley de oportunidad y nos caracteriza a los misioneros, el cuidar la salud, cuidar la vida de toda la poblaci\u00f3n, fundamentalmente pensando en el hoy, en el presente, y darle ese camino de una mejor calidad de vida y bienestar\u201d.<\/p>\n\n\n\n<p>Por otra parte, se ampli\u00f3 el programa de alimentaci\u00f3n saludable para incluir tambi\u00e9n los h\u00e1bitos de vida saludables, en el contexto del sistema educativo p\u00fablico, en los niveles inicial, primario y secundario.<\/p>\n\n\n\n<p>La medida, que surgi\u00f3 por iniciativa del ex legislador Juan Pablo Ram\u00edrez, contempla la elaboraci\u00f3n de material did\u00e1ctico espec\u00edfico destinado a los establecimientos educativos, que tengan en cuenta los est\u00e1ndares difundidos por la Organizaci\u00f3n Mundial de la Salud y de profesionales especializados; entre otros objetivos.<\/p>\n\n\n\n<p>En la sesi\u00f3n, la diputada Sonia Rojas Decut, comunic\u00f3 que esta iniciativa tiene como finalidad modificar art\u00edculos de la ley VI &#8211; 125 estableciendo el Programa Integral de Promoci\u00f3n Alimentaria y H\u00e1bitos de Vida Saludables, en el sistema educativo p\u00fablico de gesti\u00f3n estatal y privada para todos los niveles de educaci\u00f3n obligatoria.<\/p>\n\n\n\n<p>\u201cMe gustar\u00eda mencionar algunos de los objetivos principales que tiene este programa educativo de promoci\u00f3n de alimentaci\u00f3n y h\u00e1bitos de vida saludables: en primer lugar, proporcionar la informaci\u00f3n y los recursos pedag\u00f3gicos, pr\u00e1cticos y tecnol\u00f3gicos que sean necesarios para aplicar este programa en las escuelas\u201d, indic\u00f3. &nbsp;<\/p>\n\n\n\n<p>\u201cTambi\u00e9n impulsar talleres de capacitaci\u00f3n que puedan facilitar herramientas para la transmisi\u00f3n de conocimientos y valores que permitan a la comunidad educativa, que se pueda concientizar sobre la importancia de los h\u00e1bitos saludables y el cuidado de la salud\u201d, agreg\u00f3 la legisladora.<\/p>\n\n\n\n<p>\u201cEn este recinto siempre se sancionan leyes que tienen que ver con mejorar la calidad de vida de los misioneros, en este sentido es importante mencionar que la educaci\u00f3n, la salud, son pilares fundamentales en el dise\u00f1o de pol\u00edticas p\u00fablicas de nuestro espacio, y que muchas de ellas son impulsadas por el presidente de esta Legislatura, Carlos Rovira, y acompa\u00f1adas por el cuerpo de esta Honorable C\u00e1mara, y que siempre est\u00e1n a la vanguardia pensando en el desarrollo de la sociedad en general\u201d manifest\u00f3 Rojas Decut.<\/p>\n\n\n\n<p>Asimismo, la Legislatura provincial cre\u00f3 un programa de utilizaci\u00f3n del polvo de roca bas\u00e1ltica, para mitigar los efectos de los residuos que se producen por la explotaci\u00f3n de canteras, y aprovecharlos para enriquecer el suelo en la agricultura.<\/p>\n\n\n\n<p>Los objetivos de la ley, que surgi\u00f3 de la unificaci\u00f3n de proyectos presentados por los ex legisladores, An\u00edbal Vogel, Juan Pablo Ram\u00edrez y Marta Braga\u00f1olo, son utilizar el polvo de roca bas\u00e1ltica como fertilizante mineral en la producci\u00f3n agr\u00edcola; y determinar cualitativa y cuantitativamente los recursos disponibles para una efectiva remineralizaci\u00f3n de los suelos que producen alimentos.<\/p>\n\n\n\n<p>Adem\u00e1s, dise\u00f1ar y ejecutar dentro del programa estrat\u00e9gico, el suministro de sistemas de aspiraci\u00f3n, sobre la base de las necesidades de aprovechamiento del polvo de roca para la producci\u00f3n de alimentos; y capacitar a los productores sobre el uso de este recurso para su mejor aprovechamiento; entre otros.<\/p>\n\n\n\n<p>Antes de la aprobaci\u00f3n de la ley, el legislador Rafael Pereyra Pigerl expres\u00f3 que \u201cse trata de utilizar el polvo de la roca bas\u00e1ltica de las canteras que explotamos en la provincia, ese polvo hace un da\u00f1o al medio ambiente y queremos utilizar para mineralizar la roca madre, el basalto de nuestra tierra para remineralizar los suelos, la utilizaci\u00f3n en la tierra misionera da una mejor fotos\u00edntesis\u201d.<\/p>\n\n\n\n<p>&nbsp;\u201cEs necesario tomar conciencia que la explotaci\u00f3n minera lleva tambi\u00e9n al cuidado del medio ambiente y llama a concientizar a los due\u00f1os de las canteras\u201d, explic\u00f3 Pereyra Pigerl.<\/p>\n\n\n\n<p>Los diputados provinciales tambi\u00e9n donaron a la Municipalidad de Leandro N. Alem un inmueble propiedad de la provincia, para que disponga de un espacio f\u00edsico apropiado para el desarrollo de actividades.<\/p>\n\n\n\n<p>El autor del proyecto, diputado Jorge Franco, en los fundamentos de su proyecto mencion\u00f3 que \u201cel municipio tiene un permiso de ocupaci\u00f3n otorgado el 8 de abril de 2016\u201d, otorgado para que sea v\u00e1lido hasta el momento de sanci\u00f3n de esta ley\u201d.<\/p>\n\n\n\n<p>En el recinto, el legislador manifest\u00f3 que se trata de un predio de 26 hect\u00e1reas \u201cque linda con un lugar donde se hac\u00eda tratamiento de basura hace mucho tiempo; y va a ser un lugar donde el municipio realizar\u00e1 el tratamiento sanitario de los residuos urbanos y familiares\u201d.<\/p>\n\n\n\n<p>\u201cEn este predio cruza un arroyo que se encuentra apadrinado por una escuela, que es la que cuida y mantiene, para que el medio ambiente que la rodea, no se contamine y se puedan llevar adelante senderos tem\u00e1ticos que tengan que ver con esto justamente, el cuidado del medio ambiente\u201d, explic\u00f3 Franco.<\/p>\n","protected":false},"excerpt":{"rendered":"<p>En la sesi&oacute;n semanal, los legisladores aprobaron la iniciativa del presidente de la C&aacute;mara de Representantes, diputado Carlos Rovira, con el objetivo de regular y fomentar estas pr&aacute;cticas. Tambi&eacute;n instituyeron&hellip; <\/p>\n","protected":false},"author":3,"featured_media":1447,"comment_status":"closed","ping_status":"open","sticky":false,"template":"","format":"standard","meta":{"_monsterinsights_skip_tracking":false,"_monsterinsights_sitenote_active":false,"_monsterinsights_sitenote_note":"","_monsterinsights_sitenote_category":0},"categories":[3],"tags":[7],"aioseo_notices":[],"_links":{"self":[{"href":"https:\/\/radionewsmisiones.ar\/site\/wp-json\/wp\/v2\/posts\/1445"}],"collection":[{"href":"https:\/\/radionewsmisiones.ar\/site\/wp-json\/wp\/v2\/posts"}],"about":[{"href":"https:\/\/radionewsmisiones.ar\/site\/wp-json\/wp\/v2\/types\/post"}],"author":[{"embeddable":true,"href":"https:\/\/radionewsmisiones.ar\/site\/wp-json\/wp\/v2\/users\/3"}],"replies":[{"embeddable":true,"href":"https:\/\/radionewsmisiones.ar\/site\/wp-json\/wp\/v2\/comments?post=1445"}],"version-history":[{"count":1,"href":"https:\/\/radionewsmisiones.ar\/site\/wp-json\/wp\/v2\/posts\/1445\/revisions"}],"predecessor-version":[{"id":1448,"href":"https:\/\/radionewsmisiones.ar\/site\/wp-json\/wp\/v2\/posts\/1445\/revisions\/1448"}],"wp:featuredmedia":[{"embeddable":true,"href":"https:\/\/radionewsmisiones.ar\/site\/wp-json\/wp\/v2\/media\/1447"}],"wp:attachment":[{"href":"https:\/\/radionewsmisiones.ar\/site\/wp-json\/wp\/v2\/media?parent=1445"}],"wp:term":[{"taxonomy":"category","embeddable":true,"href":"https:\/\/radionewsmisiones.ar\/site\/wp-json\/wp\/v2\/categories?post=1445"},{"taxonomy":"post_tag","embeddable":true,"href":"https:\/\/radionewsmisiones.ar\/site\/wp-json\/wp\/v2\/tags?post=1445"}],"curies":[{"name":"wp","href":"https:\/\/api.w.org\/{rel}","templated":true}]}}