{"id":1458,"date":"2022-09-02T22:36:07","date_gmt":"2022-09-03T01:36:07","guid":{"rendered":"https:\/\/radionewsmisiones.ar\/site\/?p=1458"},"modified":"2022-09-02T22:36:12","modified_gmt":"2022-09-03T01:36:12","slug":"obera-nacion-provincia-y-municipio-coordinan-acciones-para-capacitar-personal-en-distintos-rubros-acompanando-el-crecimiento","status":"publish","type":"post","link":"https:\/\/radionewsmisiones.ar\/site\/provinciales\/obera-nacion-provincia-y-municipio-coordinan-acciones-para-capacitar-personal-en-distintos-rubros-acompanando-el-crecimiento\/","title":{"rendered":"Ober\u00e1: Naci\u00f3n, Provincia y Municipio coordinan acciones para capacitar personal en distintos rubros acompa\u00f1ando el crecimiento"},"content":{"rendered":"\n<p>Esta tarde el vicegobernador Carlos Arce junto al intendente Pablo Hassan visitaron en Ober\u00e1 la Empresa Textil Confecciones Staudt S.R.L y el geri\u00e1trico Emprendimiento de Salud y Servicios S.R.L. donde se firmaron convenios para la capacitaci\u00f3n del personal y el desarrollo.<\/p>\n\n\n\n<figure class=\"wp-block-image size-large\"><img loading=\"lazy\" width=\"1024\" height=\"683\" src=\"https:\/\/radionewsmisiones.ar\/site\/wp-content\/uploads\/2022\/09\/WhatsApp-Image-2022-09-02-at-19.39.30-1024x683.jpeg\" alt=\"\" class=\"wp-image-1460\" srcset=\"https:\/\/radionewsmisiones.ar\/site\/wp-content\/uploads\/2022\/09\/WhatsApp-Image-2022-09-02-at-19.39.30-1024x683.jpeg 1024w, https:\/\/radionewsmisiones.ar\/site\/wp-content\/uploads\/2022\/09\/WhatsApp-Image-2022-09-02-at-19.39.30-300x200.jpeg 300w, https:\/\/radionewsmisiones.ar\/site\/wp-content\/uploads\/2022\/09\/WhatsApp-Image-2022-09-02-at-19.39.30-768x512.jpeg 768w, https:\/\/radionewsmisiones.ar\/site\/wp-content\/uploads\/2022\/09\/WhatsApp-Image-2022-09-02-at-19.39.30-1536x1024.jpeg 1536w, https:\/\/radionewsmisiones.ar\/site\/wp-content\/uploads\/2022\/09\/WhatsApp-Image-2022-09-02-at-19.39.30.jpeg 1600w\" sizes=\"(max-width: 1024px) 100vw, 1024px\" \/><\/figure>\n\n\n\n<p>Ober\u00e1, 2 de septiembre. Este viernes se firmaron convenios por este municipio a trav\u00e9s de la Oficina de Empleo del Ministerio de Trabajo, Empleo y Seguridad Social de la Naci\u00f3n con la Empresa Textil Confecciones Staudt S.R.L y el geri\u00e1trico Emprendimiento de Salud y Servicios S.R.L. con la presencia del vicegobernador Carlos Arce, el intendente local Pablo Hassan y autoridades municipales.<\/p>\n\n\n\n<p>Esta tarde el vicegobernador durante la recorrida en ambos emprendimientos pudo dialogar con los due\u00f1os y trabajadores conociendo sobre su actualidad y los beneficios de estos acuerdos. Arce se\u00f1al\u00f3 que gracias al trabajo conjunto desde el Ministerio de Trabajo, Empleo y Seguridad Social de la Naci\u00f3n por medio de la Agencia Territorial en Misiones y la Oficina de Empleo en Ober\u00e1 permite que podamos brindar herramientas y capacitaci\u00f3n a obere\u00f1os y obere\u00f1as para desarrollarse en sus trabajos y tambi\u00e9n potenciar su futuro. Seguimos llegando a los distintos municipios fortaleciendo emprendimientos privados y tambi\u00e9n el sector p\u00fablico porque entendemos que de esta manera acompa\u00f1amos a los trabajadores misioneros.<\/p>\n\n\n\n<p>El municipio de Ober\u00e1 a trav\u00e9s de la administraci\u00f3n de la Oficina de Empleo del Ministerio de Trabajo, Empleo y Seguridad Social de la Naci\u00f3n, comenzar\u00e1n un proceso de capacitaci\u00f3n en confecci\u00f3n industrial, en este caso en particular con la Empresa Textil Confecciones Staudt S.R.L y Emprendimiento de Salud y Servicios S.R.L. (geri\u00e1trico) que preve\u00e9n la ampliaci\u00f3n y modernizaci\u00f3n de sus instalaciones lo cual generar\u00e1 una mayor demanda de mano de obra calificada, pensando en la incorporaci\u00f3n progresiva de trabajadores radicados en la Ciudad de Ober\u00e1 y para ello se elaborar\u00e1 conjuntamente entre ambas partes un programa con los contenidos a desarrollarse durante el proceso de capacitaci\u00f3n.<\/p>\n\n\n\n<p>Acompa\u00f1aron en la recorrida al vicegobernador Carlos Arce y al intendente Pablo Hassan, el concejal Fabi\u00e1n Vera y el director de Vinculaci\u00f3n y Desarrollo Econ\u00f3mico David Da Luz.<\/p>\n","protected":false},"excerpt":{"rendered":"<p>Esta tarde el vicegobernador Carlos Arce junto al intendente Pablo Hassan visitaron en Ober&aacute; la Empresa Textil Confecciones Staudt S.R.L y el geri&aacute;trico Emprendimiento de Salud y Servicios S.R.L. donde&hellip; <\/p>\n","protected":false},"author":3,"featured_media":1461,"comment_status":"closed","ping_status":"open","sticky":false,"template":"","format":"standard","meta":{"_monsterinsights_skip_tracking":false,"_monsterinsights_sitenote_active":false,"_monsterinsights_sitenote_note":"","_monsterinsights_sitenote_category":0},"categories":[3],"tags":[46],"aioseo_notices":[],"_links":{"self":[{"href":"https:\/\/radionewsmisiones.ar\/site\/wp-json\/wp\/v2\/posts\/1458"}],"collection":[{"href":"https:\/\/radionewsmisiones.ar\/site\/wp-json\/wp\/v2\/posts"}],"about":[{"href":"https:\/\/radionewsmisiones.ar\/site\/wp-json\/wp\/v2\/types\/post"}],"author":[{"embeddable":true,"href":"https:\/\/radionewsmisiones.ar\/site\/wp-json\/wp\/v2\/users\/3"}],"replies":[{"embeddable":true,"href":"https:\/\/radionewsmisiones.ar\/site\/wp-json\/wp\/v2\/comments?post=1458"}],"version-history":[{"count":1,"href":"https:\/\/radionewsmisiones.ar\/site\/wp-json\/wp\/v2\/posts\/1458\/revisions"}],"predecessor-version":[{"id":1462,"href":"https:\/\/radionewsmisiones.ar\/site\/wp-json\/wp\/v2\/posts\/1458\/revisions\/1462"}],"wp:featuredmedia":[{"embeddable":true,"href":"https:\/\/radionewsmisiones.ar\/site\/wp-json\/wp\/v2\/media\/1461"}],"wp:attachment":[{"href":"https:\/\/radionewsmisiones.ar\/site\/wp-json\/wp\/v2\/media?parent=1458"}],"wp:term":[{"taxonomy":"category","embeddable":true,"href":"https:\/\/radionewsmisiones.ar\/site\/wp-json\/wp\/v2\/categories?post=1458"},{"taxonomy":"post_tag","embeddable":true,"href":"https:\/\/radionewsmisiones.ar\/site\/wp-json\/wp\/v2\/tags?post=1458"}],"curies":[{"name":"wp","href":"https:\/\/api.w.org\/{rel}","templated":true}]}}