{"id":1463,"date":"2022-09-02T22:42:17","date_gmt":"2022-09-03T01:42:17","guid":{"rendered":"https:\/\/radionewsmisiones.ar\/site\/?p=1463"},"modified":"2022-09-02T22:42:22","modified_gmt":"2022-09-03T01:42:22","slug":"multitudinaria-marcha-a-plaza-de-mayo-y-llamado-a-la-unidad-nacional-el-odio-afuera","status":"publish","type":"post","link":"https:\/\/radionewsmisiones.ar\/site\/nacionales\/multitudinaria-marcha-a-plaza-de-mayo-y-llamado-a-la-unidad-nacional-el-odio-afuera\/","title":{"rendered":"Multitudinaria marcha a Plaza de Mayo y llamado a la unidad nacional: \u00abEl odio afuera\u00bb"},"content":{"rendered":"\n<p>Columnas de manifestantes de organizaciones\u00a0pol\u00edticas, sindicales y sociales marcharon en repudio al ataque. Ministros del Gabinete se sumaron a la movilizaci\u00f3n. Leyeron un documento que\u00a0destac\u00f3 que \u00abla paz social es una responsabilidad colectiva\u00bb.<\/p>\n\n\n\n<figure class=\"wp-block-image size-full\"><img loading=\"lazy\" width=\"900\" height=\"506\" src=\"https:\/\/radionewsmisiones.ar\/site\/wp-content\/uploads\/2022\/09\/631241c675cec_900.jpg\" alt=\"\" class=\"wp-image-1464\" srcset=\"https:\/\/radionewsmisiones.ar\/site\/wp-content\/uploads\/2022\/09\/631241c675cec_900.jpg 900w, https:\/\/radionewsmisiones.ar\/site\/wp-content\/uploads\/2022\/09\/631241c675cec_900-300x169.jpg 300w, https:\/\/radionewsmisiones.ar\/site\/wp-content\/uploads\/2022\/09\/631241c675cec_900-768x432.jpg 768w\" sizes=\"(max-width: 900px) 100vw, 900px\" \/><\/figure>\n\n\n\n<h2>La movilizaci\u00f3n<\/h2>\n\n\n\n<p>Con el lema \u00abCon la bandera a defender la democracia\u00bb que impuls\u00f3 el Frente de Todos (FdT), las organizaciones llegaron a la Plaza de Mayo despu\u00e9s de congregarse desde las 12 en la Avenida de Mayo y 9 de Julio, en el centro porte\u00f1o, luego de que el presidente Alberto Fern\u00e1ndez dispusiera para una jornada de\u00a0feriado nacional.<\/p>\n\n\n\n<p>Las columnas de manifestantes tambi\u00e9n\u00a0colmaban la avenida de Mayo y las diagonales Sur y Norte, que desembocan en la Plaza, donde se arm\u00f3 un escenario frente a la Casa Rosada.<\/p>\n\n\n\n<p>Con banderas argentinas y consignas en defensa de la democracia se ve\u00edan diferentes carteles de\u00a0organizaciones pol\u00edticas, gremiales y sociales, j\u00f3venes y familias con ni\u00f1os.<\/p>\n","protected":false},"excerpt":{"rendered":"<p>Columnas de manifestantes de organizaciones&nbsp;pol&iacute;ticas, sindicales y sociales marcharon en repudio al ataque. Ministros del Gabinete se sumaron a la movilizaci&oacute;n. Leyeron un documento que&nbsp;destac&oacute; que &laquo;la paz social es&hellip; <\/p>\n","protected":false},"author":3,"featured_media":1465,"comment_status":"closed","ping_status":"open","sticky":false,"template":"","format":"standard","meta":{"_monsterinsights_skip_tracking":false,"_monsterinsights_sitenote_active":false,"_monsterinsights_sitenote_note":"","_monsterinsights_sitenote_category":0},"categories":[4],"tags":[44],"aioseo_notices":[],"_links":{"self":[{"href":"https:\/\/radionewsmisiones.ar\/site\/wp-json\/wp\/v2\/posts\/1463"}],"collection":[{"href":"https:\/\/radionewsmisiones.ar\/site\/wp-json\/wp\/v2\/posts"}],"about":[{"href":"https:\/\/radionewsmisiones.ar\/site\/wp-json\/wp\/v2\/types\/post"}],"author":[{"embeddable":true,"href":"https:\/\/radionewsmisiones.ar\/site\/wp-json\/wp\/v2\/users\/3"}],"replies":[{"embeddable":true,"href":"https:\/\/radionewsmisiones.ar\/site\/wp-json\/wp\/v2\/comments?post=1463"}],"version-history":[{"count":1,"href":"https:\/\/radionewsmisiones.ar\/site\/wp-json\/wp\/v2\/posts\/1463\/revisions"}],"predecessor-version":[{"id":1466,"href":"https:\/\/radionewsmisiones.ar\/site\/wp-json\/wp\/v2\/posts\/1463\/revisions\/1466"}],"wp:featuredmedia":[{"embeddable":true,"href":"https:\/\/radionewsmisiones.ar\/site\/wp-json\/wp\/v2\/media\/1465"}],"wp:attachment":[{"href":"https:\/\/radionewsmisiones.ar\/site\/wp-json\/wp\/v2\/media?parent=1463"}],"wp:term":[{"taxonomy":"category","embeddable":true,"href":"https:\/\/radionewsmisiones.ar\/site\/wp-json\/wp\/v2\/categories?post=1463"},{"taxonomy":"post_tag","embeddable":true,"href":"https:\/\/radionewsmisiones.ar\/site\/wp-json\/wp\/v2\/tags?post=1463"}],"curies":[{"name":"wp","href":"https:\/\/api.w.org\/{rel}","templated":true}]}}