{"id":1467,"date":"2022-09-02T22:46:12","date_gmt":"2022-09-03T01:46:12","guid":{"rendered":"https:\/\/radionewsmisiones.ar\/site\/?p=1467"},"modified":"2022-09-02T22:46:17","modified_gmt":"2022-09-03T01:46:17","slug":"nuevas-medidas-para-acompanar-al-sector-tealero-de-misiones","status":"publish","type":"post","link":"https:\/\/radionewsmisiones.ar\/site\/provinciales\/nuevas-medidas-para-acompanar-al-sector-tealero-de-misiones\/","title":{"rendered":"Nuevas medidas para acompa\u00f1ar al sector tealero de Misiones"},"content":{"rendered":"\n<p>Dentro de la producci\u00f3n agraria misionera, el t\u00e9 es una de las actividades m\u00e1s tradicionales de la provincia, tanto es as\u00ed que m\u00e1s del 95% del t\u00e9 que se produce en el pa\u00eds tiene origen en Misiones y el acompa\u00f1amiento al sector es una de las prioridades del gobierno provincial. Es por eso que el viernes pasado el gobernador <a href=\"https:\/\/www.facebook.com\/OscarHerreraAhuad?__cft__[0]=AZX21pH7bSJKPUd2-STG-bQpCW8UfVMbUJ3Q7B2A07IvTuzjorJ56Yvm0sKKPdWTqBFddplxX2aC9f4Quij6c1-oBPaBq6qbPmPRicnNHxu4FDOY3hzp8k9s1I3PnV-a0DW9fWlNmrdBsjQYztIv80bvjf11e5nyn47VnrvAlEmRUQ&amp;__tn__=-]K-R\">Oscar Herrera Ahuad<\/a> coordin\u00f3 una mesa de trabajo con los diferentes sectores de la producci\u00f3n <a><\/a>tealera y gracias a su intervenci\u00f3n las partes llegaron a un acuerdo que permiti\u00f3 acordar el precio del t\u00e9 en $14,75 por kilo de hoja. Este acuerdo sobre el precio es un hecho fundamental ya que permitir\u00e1 el inicio de la cosecha.<\/p>\n\n\n\n<figure class=\"wp-block-image size-full\"><img loading=\"lazy\" width=\"960\" height=\"640\" src=\"https:\/\/radionewsmisiones.ar\/site\/wp-content\/uploads\/2022\/09\/302046463_574545197792821_840614034915728780_n.jpg\" alt=\"\" class=\"wp-image-1468\" srcset=\"https:\/\/radionewsmisiones.ar\/site\/wp-content\/uploads\/2022\/09\/302046463_574545197792821_840614034915728780_n.jpg 960w, https:\/\/radionewsmisiones.ar\/site\/wp-content\/uploads\/2022\/09\/302046463_574545197792821_840614034915728780_n-300x200.jpg 300w, https:\/\/radionewsmisiones.ar\/site\/wp-content\/uploads\/2022\/09\/302046463_574545197792821_840614034915728780_n-768x512.jpg 768w\" sizes=\"(max-width: 960px) 100vw, 960px\" \/><\/figure>\n\n\n\n<p>Vale aclarar que el precio acordado est\u00e1 sujeto a cl\u00e1usulas de revisi\u00f3n en noviembre y enero por eventuales cambios en el tipo de cambio, de modo tal que las industrias tealeras exportadoras podr\u00e1n trasladar mejor rentabilidad al precio del productor.<\/p>\n\n\n\n<p>Este acercamiento propiciado por el gobernador Herrera Ahuad permiti\u00f3 tambi\u00e9n acordar las medidas que se anunciaron en la \u00faltima reuni\u00f3n de la Comisi\u00f3n Provincial del T\u00e9 (COPROT\u00c9) que se llev\u00f3 a cabo en la ciudad de Campo Viera con la presencia de representantes de toda la cadena productiva, el INTA y de todos los organismos provinciales involucrados. En esta reuni\u00f3n se acord\u00f3 asimismo la fecha de inicio y finalizaci\u00f3n de la zafra 2022\/23, que se har\u00e1 entre septiembre del corriente a\u00f1o y junio del pr\u00f3ximo.<\/p>\n\n\n\n<p>En el encuentro, el ministro del Agro y la Producci\u00f3n, <a href=\"https:\/\/www.facebook.com\/facundolopezsartori?__cft__[0]=AZX21pH7bSJKPUd2-STG-bQpCW8UfVMbUJ3Q7B2A07IvTuzjorJ56Yvm0sKKPdWTqBFddplxX2aC9f4Quij6c1-oBPaBq6qbPmPRicnNHxu4FDOY3hzp8k9s1I3PnV-a0DW9fWlNmrdBsjQYztIv80bvjf11e5nyn47VnrvAlEmRUQ&amp;__tn__=-]K-R\">Facundo L\u00f3pez Sartori<\/a>, anunci\u00f3 el paquete de medidas acordado para el sector que demuestran el compromiso del Gobierno misionerista con brindar soluciones a los diferentes actores de la cadena productiva:<\/p>\n\n\n\n<p>Entrega de 2500 toneladas de fertilizante a productores primarios, de las cuales 1600 se entregar\u00e1n como aporte no reintegrable (ANR) y 900 toneladas como cr\u00e9dito. Parte de los recursos para subvencionar esta medida vienen del Gobierno Nacional, gracias a un acuerdo alcanzado por el Gobernador en la reuni\u00f3n que mantuvo con el Ministro de Econom\u00eda, Sergio Massa.<\/p>\n\n\n\n<p><img loading=\"lazy\" height=\"16\" width=\"16\" alt=\"\ud83d\udc49\" src=\"https:\/\/static.xx.fbcdn.net\/images\/emoji.php\/v9\/t51\/1\/16\/1f449.png\">Bonificaci\u00f3n del 30% estimado de la tarifa el\u00e9ctrica por 6 meses (duraci\u00f3n del trabajo de los secaderos).<\/p>\n\n\n\n<p><img loading=\"lazy\" height=\"16\" width=\"16\" alt=\"\ud83d\udc49\" src=\"https:\/\/static.xx.fbcdn.net\/images\/emoji.php\/v9\/t51\/1\/16\/1f449.png\">Gestionar con los prestadores de Energ\u00eda de Misiones y Cooperativas la r\u00e1pida rehabilitaci\u00f3n de la potencia m\u00ednima contratada.<\/p>\n\n\n\n<p><img loading=\"lazy\" height=\"16\" width=\"16\" alt=\"\ud83d\udc49\" src=\"https:\/\/static.xx.fbcdn.net\/images\/emoji.php\/v9\/t51\/1\/16\/1f449.png\">Gestionar con ATM la exclusi\u00f3n r\u00e1pida de los reg\u00edmenes de percepci\u00f3n y exclusi\u00f3n de aquellos que tengan importantes saldos a favor.<\/p>\n\n\n\n<p><img loading=\"lazy\" height=\"16\" width=\"16\" alt=\"\ud83d\udc49\" src=\"https:\/\/static.xx.fbcdn.net\/images\/emoji.php\/v9\/t51\/1\/16\/1f449.png\">Coordinar con YPF un cupo de combustible para el sector.<\/p>\n\n\n\n<p><img loading=\"lazy\" height=\"16\" width=\"16\" alt=\"\ud83d\udc49\" src=\"https:\/\/static.xx.fbcdn.net\/images\/emoji.php\/v9\/t51\/1\/16\/1f449.png\">Trabajar en el tema de la interzafra.<\/p>\n\n\n\n<p>Estas pol\u00edticas activas de trabajar para acercar posiciones que favorezcan al crecimiento de Misiones son una de las caracter\u00edsticas de la Renovaci\u00f3n, que apoya a las industrias misioneras que generan empleo y valor agregado a la producci\u00f3n, as\u00ed como tambi\u00e9n a los peque\u00f1os productores y trabajadores rurales, que son el eslab\u00f3n m\u00e1s vulnerable de la cadena productiva y son el eje central de todas las pol\u00edticas renovadoras y los que m\u00e1s se busca resguardar con estas medidas, impulsadas desde la conducci\u00f3n del Ingeniero Carlos Eduardo Rovira.<\/p>\n","protected":false},"excerpt":{"rendered":"<p>Dentro de la producci&oacute;n agraria misionera, el t&eacute; es una de las actividades m&aacute;s tradicionales de la provincia, tanto es as&iacute; que m&aacute;s del 95% del t&eacute; que se produce&hellip; <\/p>\n","protected":false},"author":3,"featured_media":1469,"comment_status":"closed","ping_status":"open","sticky":false,"template":"","format":"standard","meta":{"_monsterinsights_skip_tracking":false,"_monsterinsights_sitenote_active":false,"_monsterinsights_sitenote_note":"","_monsterinsights_sitenote_category":0},"categories":[3],"tags":[],"aioseo_notices":[],"_links":{"self":[{"href":"https:\/\/radionewsmisiones.ar\/site\/wp-json\/wp\/v2\/posts\/1467"}],"collection":[{"href":"https:\/\/radionewsmisiones.ar\/site\/wp-json\/wp\/v2\/posts"}],"about":[{"href":"https:\/\/radionewsmisiones.ar\/site\/wp-json\/wp\/v2\/types\/post"}],"author":[{"embeddable":true,"href":"https:\/\/radionewsmisiones.ar\/site\/wp-json\/wp\/v2\/users\/3"}],"replies":[{"embeddable":true,"href":"https:\/\/radionewsmisiones.ar\/site\/wp-json\/wp\/v2\/comments?post=1467"}],"version-history":[{"count":1,"href":"https:\/\/radionewsmisiones.ar\/site\/wp-json\/wp\/v2\/posts\/1467\/revisions"}],"predecessor-version":[{"id":1470,"href":"https:\/\/radionewsmisiones.ar\/site\/wp-json\/wp\/v2\/posts\/1467\/revisions\/1470"}],"wp:featuredmedia":[{"embeddable":true,"href":"https:\/\/radionewsmisiones.ar\/site\/wp-json\/wp\/v2\/media\/1469"}],"wp:attachment":[{"href":"https:\/\/radionewsmisiones.ar\/site\/wp-json\/wp\/v2\/media?parent=1467"}],"wp:term":[{"taxonomy":"category","embeddable":true,"href":"https:\/\/radionewsmisiones.ar\/site\/wp-json\/wp\/v2\/categories?post=1467"},{"taxonomy":"post_tag","embeddable":true,"href":"https:\/\/radionewsmisiones.ar\/site\/wp-json\/wp\/v2\/tags?post=1467"}],"curies":[{"name":"wp","href":"https:\/\/api.w.org\/{rel}","templated":true}]}}