{"id":1472,"date":"2022-09-04T18:24:06","date_gmt":"2022-09-04T21:24:06","guid":{"rendered":"https:\/\/radionewsmisiones.ar\/site\/?p=1472"},"modified":"2022-09-04T18:24:11","modified_gmt":"2022-09-04T21:24:11","slug":"puesta-en-valor-de-la-calle-colon-con-sellos-inclusivos-y-sustentables","status":"publish","type":"post","link":"https:\/\/radionewsmisiones.ar\/site\/provinciales\/puesta-en-valor-de-la-calle-colon-con-sellos-inclusivos-y-sustentables\/","title":{"rendered":"Puesta en valor de la calle Col\u00f3n, con sellos inclusivos y sustentables"},"content":{"rendered":"\n<p>Avanzan las obras sobre la calle Col\u00f3n para ampliar la peatonal que estar\u00e1 comprendida desde calle C\u00f3rdoba hasta Sarmiento. Tendr\u00e1 caracter\u00edsticas sustentables, inclusivas, modernas y se permitir\u00e1 la circulaci\u00f3n de veh\u00edculos al igual que el tramo comprendido sobre la calle Bol\u00edvar.<\/p>\n\n\n\n<figure class=\"wp-block-image size-full\"><img loading=\"lazy\" width=\"973\" height=\"547\" src=\"https:\/\/radionewsmisiones.ar\/site\/wp-content\/uploads\/2022\/09\/WhatsApp-Image-2022-09-04-at-13.07.26.jpeg\" alt=\"\" class=\"wp-image-1473\" srcset=\"https:\/\/radionewsmisiones.ar\/site\/wp-content\/uploads\/2022\/09\/WhatsApp-Image-2022-09-04-at-13.07.26.jpeg 973w, https:\/\/radionewsmisiones.ar\/site\/wp-content\/uploads\/2022\/09\/WhatsApp-Image-2022-09-04-at-13.07.26-300x169.jpeg 300w, https:\/\/radionewsmisiones.ar\/site\/wp-content\/uploads\/2022\/09\/WhatsApp-Image-2022-09-04-at-13.07.26-768x432.jpeg 768w\" sizes=\"(max-width: 973px) 100vw, 973px\" \/><\/figure>\n\n\n\n<p>El objetivo fundamental del proyecto es potenciar el Paseo Col\u00f3n como corredor verde urbano y sostenible que, junto a la Plaza 9 de Julio, ampl\u00ede el pulm\u00f3n verde existente, mitigando la disminuci\u00f3n del di\u00f3xido de carbono. A su vez, se priorizar\u00e1 el desplazamiento de los peatones y se dinamizar\u00e1 la actividad comercial en ese sector de la capital misionera.<\/p>\n\n\n\n<p>El plan de jerarquizaci\u00f3n del microcentro incluir\u00e1 arreglo de veredas, espacios verdes, bancos, maceteros, iluminaci\u00f3n y el ordenamiento vial, con la intenci\u00f3n potenciar al m\u00e1ximo el espacio p\u00fablico. A trav\u00e9s de estas intervenciones, se recuperar\u00e1n lugares para la circulaci\u00f3n sin obst\u00e1culos, en donde se incorporar\u00e1n los circuitos podot\u00e1ctiles, una herramienta para la accesibilidad de personas con discapacidad visual o con baja visi\u00f3n. Esto favorecer\u00e1 su desplazamiento, de tal manera que podr\u00e1n interpretar r\u00e1pidamente zonas de tr\u00e1nsito seguro, cruces peatonales, veredas, entre otros. Asimismo, se implementar\u00e1n sem\u00e1foros mirabilia,<br>los cuales son sonoros e indican al peat\u00f3n el tiempo para cruzar la calle.<\/p>\n\n\n\n<p>Impacto ambiental<\/p>\n\n\n\n<p>Se incorporar\u00e1n especies arb\u00f3reas completando el arbolado existente, conformando as\u00ed un \u00e1mbito de sombra natural que acoger\u00e1 las zonas de estar, el paseo comercial y los sectores de bares y restaurantes. Asimismo, se lograr\u00e1 una propuesta equilibrada y unificada mediante la continuidad de solados y equipamiento urbano que sustentan el fuerte contenido identitario del entorno barrial.<\/p>\n\n\n\n<p>Con este espacio, desde el Municipio afirman que se busca reducir ruidos y regular la temperatura, aumentar la producci\u00f3n de ox\u00edgeno y servir como filtro de la contaminaci\u00f3n ambiental. Tambi\u00e9n, generar nuevos usos del espacio p\u00fablico y promover una movilidad m\u00e1s sustentable.<\/p>\n\n\n\n<p>Emblem\u00e1tica y jerarquizada<\/p>\n\n\n\n<p>Emblem\u00e1tica por donde se la observe, \u00abla Col\u00f3n\u00bb se encuentra actualmente en plena transformaci\u00f3n. Siguiendo estos lineamientos, ser\u00e1n incorporados especies arb\u00f3reas completando el arbolado existente, conformando as\u00ed un \u00e1mbito de sombra natural que acoger\u00e1 las zonas de estar, el paseo comercial y los sectores de bares y restaurantes. Esto permitir\u00e1 lograr una propuesta equilibrada y unificada mediante<br>la continuidad de solados y equipamiento urbano que sustentan el fuerte contenido identitario del entorno c\u00e9ntrico.<\/p>\n\n\n\n<p>La iluminaci\u00f3n ser\u00e1 a base de luces led integradas a lo largo del Paseo, que estar\u00e1n situadas en ambos lados de la calle, delimitando las circulaciones y garantizado la seguridad vial, convirtiendo as\u00ed, al alumbrado p\u00fablico en un sistema m\u00e1s sustentable y eficiente. La utilizaci\u00f3n de estos dispositivos significar\u00e1n el ahorro energ\u00e9tico de m\u00e1s del 50% y una disminuci\u00f3n del 30% en gastos de mantenimiento.<\/p>\n\n\n\n<p>Beneficios<\/p>\n\n\n\n<p>De esta forma se conformar\u00e1 un ambiente seguro y c\u00f3modo para personas de todas las edades y capacidades. Entonces, que los vecinos elijan desplazarse a pie, en bicicleta o en veh\u00edculo motorizado no deber\u00eda suponer ning\u00fan impedimento ni obst\u00e1culo urbano.<br>Adem\u00e1s, el proyecto potenciar\u00e1 diferentes beneficios:<\/p>\n\n\n\n<p>M\u00e1s seguro: se mejoran los cruces y separa los actores del tr\u00e1nsito para mejorar la seguridad vial.<\/p>\n\n\n\n<p>M\u00e1s accesible: el corredor integral mejora y hace m\u00e1s c\u00f3modos y accesibles los espacios y cruces peatonales, beneficiando a las personas con movilidad reducida.<\/p>\n\n\n\n<p>M\u00e1s sustentable: se suma m\u00e1s metros cuadrados de espacios verdes y se contribuye a disminuir emisiones de CO2.<\/p>\n\n\n\n<p>M\u00e1s inteligente: contar\u00e1 con un sistema de sem\u00e1foros adaptativos inteligentes, que optimizan los tiempos y el flujo de tr\u00e1nsito, mejorando la circulaci\u00f3n de los veh\u00edculos particulares.<\/p>\n\n\n\n<p>Esta nueva senda, que estar\u00e1 conformada por dos cuadras, no se trata de un trabajo aislado, en realidad forma parte del proyecto general para poner en valor la calle Col\u00f3n, convirti\u00e9ndola en espacios de recreaci\u00f3n y esparcimiento. Y al mismo tiempo, modificar el concepto de transitabilidad y disfrute del espacio p\u00fablico.<\/p>\n\n\n\n<p>En este caso unir\u00e1 la Calle Paseo (por Bol\u00edvar), la plaza 9 de Julio y calle Col\u00f3n, otorgando a la ciudad de un circuito de paseos, unificando distintos sectores de para mayor seguridad y comodidad a todos los usuarios, como tambi\u00e9n transformarlo en un nuevo atractivo tur\u00edstico.<\/p>\n","protected":false},"excerpt":{"rendered":"<p>Avanzan las obras sobre la calle Col&oacute;n para ampliar la peatonal que estar&aacute; comprendida desde calle C&oacute;rdoba hasta Sarmiento. Tendr&aacute; caracter&iacute;sticas sustentables, inclusivas, modernas y se permitir&aacute; la circulaci&oacute;n de&hellip; <\/p>\n","protected":false},"author":3,"featured_media":1474,"comment_status":"closed","ping_status":"open","sticky":false,"template":"","format":"standard","meta":{"_monsterinsights_skip_tracking":false,"_monsterinsights_sitenote_active":false,"_monsterinsights_sitenote_note":"","_monsterinsights_sitenote_category":0},"categories":[3],"tags":[22],"aioseo_notices":[],"_links":{"self":[{"href":"https:\/\/radionewsmisiones.ar\/site\/wp-json\/wp\/v2\/posts\/1472"}],"collection":[{"href":"https:\/\/radionewsmisiones.ar\/site\/wp-json\/wp\/v2\/posts"}],"about":[{"href":"https:\/\/radionewsmisiones.ar\/site\/wp-json\/wp\/v2\/types\/post"}],"author":[{"embeddable":true,"href":"https:\/\/radionewsmisiones.ar\/site\/wp-json\/wp\/v2\/users\/3"}],"replies":[{"embeddable":true,"href":"https:\/\/radionewsmisiones.ar\/site\/wp-json\/wp\/v2\/comments?post=1472"}],"version-history":[{"count":1,"href":"https:\/\/radionewsmisiones.ar\/site\/wp-json\/wp\/v2\/posts\/1472\/revisions"}],"predecessor-version":[{"id":1475,"href":"https:\/\/radionewsmisiones.ar\/site\/wp-json\/wp\/v2\/posts\/1472\/revisions\/1475"}],"wp:featuredmedia":[{"embeddable":true,"href":"https:\/\/radionewsmisiones.ar\/site\/wp-json\/wp\/v2\/media\/1474"}],"wp:attachment":[{"href":"https:\/\/radionewsmisiones.ar\/site\/wp-json\/wp\/v2\/media?parent=1472"}],"wp:term":[{"taxonomy":"category","embeddable":true,"href":"https:\/\/radionewsmisiones.ar\/site\/wp-json\/wp\/v2\/categories?post=1472"},{"taxonomy":"post_tag","embeddable":true,"href":"https:\/\/radionewsmisiones.ar\/site\/wp-json\/wp\/v2\/tags?post=1472"}],"curies":[{"name":"wp","href":"https:\/\/api.w.org\/{rel}","templated":true}]}}