{"id":1476,"date":"2022-09-04T18:26:03","date_gmt":"2022-09-04T21:26:03","guid":{"rendered":"https:\/\/radionewsmisiones.ar\/site\/?p=1476"},"modified":"2022-09-04T18:26:08","modified_gmt":"2022-09-04T21:26:08","slug":"llega-el-evento-educativo-mas-importante-de-la-region-la-7-edicion-de-la-expo-posadas-ciudad-universitaria","status":"publish","type":"post","link":"https:\/\/radionewsmisiones.ar\/site\/provinciales\/llega-el-evento-educativo-mas-importante-de-la-region-la-7-edicion-de-la-expo-posadas-ciudad-universitaria\/","title":{"rendered":"Llega el evento educativo m\u00e1s importante de la regi\u00f3n:  la 7\u00b0 edici\u00f3n de la \u201cExpo Posadas Ciudad Universitaria\u201d"},"content":{"rendered":"\n<p>Desde este lunes 5 hasta el viernes 9 de septiembre comienza la s\u00e9ptima edici\u00f3n de la \u00abExpo Posadas Ciudad Universitaria\u00bb, en el cuarto tramo de la Costanera, de 9 a 18 hs.<\/p>\n\n\n\n<figure class=\"wp-block-image size-large\"><img loading=\"lazy\" width=\"1024\" height=\"1024\" src=\"https:\/\/radionewsmisiones.ar\/site\/wp-content\/uploads\/2022\/09\/WhatsApp-Image-2022-09-04-at-11.03.40-1024x1024.jpeg\" alt=\"\" class=\"wp-image-1477\" srcset=\"https:\/\/radionewsmisiones.ar\/site\/wp-content\/uploads\/2022\/09\/WhatsApp-Image-2022-09-04-at-11.03.40-1024x1024.jpeg 1024w, https:\/\/radionewsmisiones.ar\/site\/wp-content\/uploads\/2022\/09\/WhatsApp-Image-2022-09-04-at-11.03.40-300x300.jpeg 300w, https:\/\/radionewsmisiones.ar\/site\/wp-content\/uploads\/2022\/09\/WhatsApp-Image-2022-09-04-at-11.03.40-150x150.jpeg 150w, https:\/\/radionewsmisiones.ar\/site\/wp-content\/uploads\/2022\/09\/WhatsApp-Image-2022-09-04-at-11.03.40-768x768.jpeg 768w, https:\/\/radionewsmisiones.ar\/site\/wp-content\/uploads\/2022\/09\/WhatsApp-Image-2022-09-04-at-11.03.40.jpeg 1080w\" sizes=\"(max-width: 1024px) 100vw, 1024px\" \/><\/figure>\n\n\n\n<p>Reunir\u00e1 a miles de j\u00f3venes en un mega evento que busca abrir el acceso a la informaci\u00f3n para los estudiantes de Posadas, la provincia y zonas aleda\u00f1as como el norte de Corrientes y Paraguay que quieren opciones para la continuidad de sus estudios superiores. Los asistentes podr\u00e1n despejar todas sus dudas, acompa\u00f1ados por profesionales de cada \u00e1rea.<\/p>\n\n\n\n<p>En la explanada frente al R\u00edo Paran\u00e1, se congregar\u00e1n 6 universidades y 43 instituciones de educaci\u00f3n superior, tecnicaturas y de formaci\u00f3n profesional, reuniendo m\u00e1s de 220 carreras. Se trata de una pol\u00edtica municipal que lleva su continuidad a trav\u00e9s de la gesti\u00f3n por medio de la labor y organizaci\u00f3n de la Agencia Universitaria, quien impulsa la articulaci\u00f3n entre las diferentes universidades e institutos superiores con la premisa de presentar a Posadas como Ciudad Universitaria y Polo de Conocimiento \u00fanico con una gran importancia geopol\u00edtica destacada en el pa\u00eds.<\/p>\n\n\n\n<p>El Intendente, Ing. Leonardo Stelatto, se refiri\u00f3 al respecto: \u00abLa educaci\u00f3n es muy importante y la prioridad en este momento, para darle una meta a cada uno de estos chicos que est\u00e1n esperando para poder desarrollarse en plenitud. Somos un Estado que apoya fervientemente la formaci\u00f3n de nuestro j\u00f3venes, para el futuro de nuestro pa\u00eds\u00bb.<\/p>\n\n\n\n<p>Adem\u00e1s de los stands con toda la informaci\u00f3n acad\u00e9mica, los que asistan se encontrar\u00e1n con charlas de orientaci\u00f3n profesional y varios sectores: tecnol\u00f3gico, l\u00fadico-interactivo, deportes, cultural, patio gastron\u00f3mico, shows en vivo y muchas sorpresas m\u00e1s.<\/p>\n\n\n\n<p>En tanto, el coordinador de Agencia Universitaria, Carlos Vigo, subray\u00f3: \u00abLa expo universitaria a\u00f1o a a\u00f1o se consolida como el evento educativo m\u00e1s importante de la ciudad y es una oportunidad \u00fanica para que la familia entera pueda tener toda la informaci\u00f3n de manera directa de las diferentes instituciones que actualmente se encuentran en Posadas. Todas las unidades acad\u00e9micas van a tener la misma posibilidad de ofrecer sus alternativas de educaci\u00f3n Superior y eso hace tambi\u00e9n a una presencia fuerte y permanente del Estado para que los j\u00f3venes tomen la mejor decisi\u00f3n\u00bb.<\/p>\n\n\n\n<p>En el marco de la plena presencialidad que incorporan las instituciones desde comienzos del 2022; se espera poder superar las 20 mil visitas que tuvieron lugar el a\u00f1o pasado. \u00abPosadas se ha transformado en una gran ciudad productora de conocimiento que busca albergar a todos quienes quieran vivir en una ciudad cada vez conectada, inclusiva, sustentable y amigable con el ambiente que tiene un sin fin de oportunidades para ofrecer a todos los que quieran seguir estudiando o capacit\u00e1ndose\u00bb, remarc\u00f3 para finalizar Vigo.<\/p>\n","protected":false},"excerpt":{"rendered":"<p>Desde este lunes 5 hasta el viernes 9 de septiembre comienza la s&eacute;ptima edici&oacute;n de la &laquo;Expo Posadas Ciudad Universitaria&raquo;, en el cuarto tramo de la Costanera, de 9 a&hellip; <\/p>\n","protected":false},"author":3,"featured_media":1477,"comment_status":"closed","ping_status":"open","sticky":false,"template":"","format":"standard","meta":{"_monsterinsights_skip_tracking":false,"_monsterinsights_sitenote_active":false,"_monsterinsights_sitenote_note":"","_monsterinsights_sitenote_category":0},"categories":[3],"tags":[22],"aioseo_notices":[],"_links":{"self":[{"href":"https:\/\/radionewsmisiones.ar\/site\/wp-json\/wp\/v2\/posts\/1476"}],"collection":[{"href":"https:\/\/radionewsmisiones.ar\/site\/wp-json\/wp\/v2\/posts"}],"about":[{"href":"https:\/\/radionewsmisiones.ar\/site\/wp-json\/wp\/v2\/types\/post"}],"author":[{"embeddable":true,"href":"https:\/\/radionewsmisiones.ar\/site\/wp-json\/wp\/v2\/users\/3"}],"replies":[{"embeddable":true,"href":"https:\/\/radionewsmisiones.ar\/site\/wp-json\/wp\/v2\/comments?post=1476"}],"version-history":[{"count":1,"href":"https:\/\/radionewsmisiones.ar\/site\/wp-json\/wp\/v2\/posts\/1476\/revisions"}],"predecessor-version":[{"id":1478,"href":"https:\/\/radionewsmisiones.ar\/site\/wp-json\/wp\/v2\/posts\/1476\/revisions\/1478"}],"wp:featuredmedia":[{"embeddable":true,"href":"https:\/\/radionewsmisiones.ar\/site\/wp-json\/wp\/v2\/media\/1477"}],"wp:attachment":[{"href":"https:\/\/radionewsmisiones.ar\/site\/wp-json\/wp\/v2\/media?parent=1476"}],"wp:term":[{"taxonomy":"category","embeddable":true,"href":"https:\/\/radionewsmisiones.ar\/site\/wp-json\/wp\/v2\/categories?post=1476"},{"taxonomy":"post_tag","embeddable":true,"href":"https:\/\/radionewsmisiones.ar\/site\/wp-json\/wp\/v2\/tags?post=1476"}],"curies":[{"name":"wp","href":"https:\/\/api.w.org\/{rel}","templated":true}]}}