{"id":1483,"date":"2022-09-04T18:32:14","date_gmt":"2022-09-04T21:32:14","guid":{"rendered":"https:\/\/radionewsmisiones.ar\/site\/?p=1483"},"modified":"2022-09-04T18:32:19","modified_gmt":"2022-09-04T21:32:19","slug":"emprendedores-productores-y-artesanos-reunidos-en-nuevo-espacio-de-comercializacion","status":"publish","type":"post","link":"https:\/\/radionewsmisiones.ar\/site\/provinciales\/emprendedores-productores-y-artesanos-reunidos-en-nuevo-espacio-de-comercializacion\/","title":{"rendered":"Emprendedores, productores y artesanos reunidos en nuevo espacio de comercializaci\u00f3n"},"content":{"rendered":"\n<p>Este s\u00e1bado el intendente de Posadas, Ing. Leonardo Stelatto y el vicegobernador de la Provincia, Carlos Arce pusieron en funcionamiento la Feria Franca y de Emprendedores del Jard\u00edn Bot\u00e1nico \u00abAlberto Roth\u00bb.<\/p>\n\n\n\n<figure class=\"wp-block-image size-large\"><img loading=\"lazy\" width=\"1024\" height=\"694\" src=\"https:\/\/radionewsmisiones.ar\/site\/wp-content\/uploads\/2022\/09\/WhatsApp-Image-2022-09-03-at-13.15.32-1024x694.jpeg\" alt=\"\" class=\"wp-image-1484\" srcset=\"https:\/\/radionewsmisiones.ar\/site\/wp-content\/uploads\/2022\/09\/WhatsApp-Image-2022-09-03-at-13.15.32-1024x694.jpeg 1024w, https:\/\/radionewsmisiones.ar\/site\/wp-content\/uploads\/2022\/09\/WhatsApp-Image-2022-09-03-at-13.15.32-300x203.jpeg 300w, https:\/\/radionewsmisiones.ar\/site\/wp-content\/uploads\/2022\/09\/WhatsApp-Image-2022-09-03-at-13.15.32-768x520.jpeg 768w, https:\/\/radionewsmisiones.ar\/site\/wp-content\/uploads\/2022\/09\/WhatsApp-Image-2022-09-03-at-13.15.32.jpeg 1280w\" sizes=\"(max-width: 1024px) 100vw, 1024px\" \/><\/figure>\n\n\n\n<p>La apertura de la misma refleja el acompa\u00f1amiento del Estado a este sector productivo. La propuesta se enmarca en pol\u00edticas p\u00fablicas que buscan fomentar la compra de productos locales, colaborando con proyectos que son fuente de ingreso para cientos de familias misioneras.<\/p>\n\n\n\n<p>Diez productores de hortalizas junto a diez artesanos se sumaron a esta propuesta sociocultural y econ\u00f3mica que impulsa el Municipio posade\u00f1o en conjunto con el Ministerio de Agricultura Familiar y la Asociaci\u00f3n de Ferias Francas. Desde hoy, y todos los s\u00e1bados, abrir\u00e1 sus puertas de 06:00 a 13:00 hs.<\/p>\n\n\n\n<p>Asimismo, en el marco del aniversario 24 de las Ferias Francas en la ciudad, se entregaron reconocimientos a los pioneros: Norma Lima, Juana L\u00f3pez Gamarra, Ramona Sandes y Hermes Mont\u00f3rfano. Por su parte, el edil Ram\u00f3n Mart\u00ednez, en representaci\u00f3n del Honorable Concejo Deliberante entreg\u00f3 a la presidente del barrio Carina Karaben, la declaraci\u00f3n de benepl\u00e1cito por la inauguraci\u00f3n de esta nueva Feria.<\/p>\n\n\n\n<p>En tanto que Beatriz L\u00f3pez, una productora del Colonia Aeroparque hizo una rese\u00f1a acerca de la instalaci\u00f3n de las Ferias Francas en Posadas. A su vez, la ministra de Agricultura Familiar, Marta Ferreira destac\u00f3 la importancia de estos espacios por ser una opci\u00f3n ante la actual situaci\u00f3n econ\u00f3mica. Finalmente, el vicegobernador celebr\u00f3 la extensi\u00f3n de estas Ferias que favorece la cadena de producci\u00f3n primaria.<\/p>\n\n\n\n<p>Formaron parte del acto la ministra de Agricultura Familiar, Marta Ferreira; el presidente de Vialidad Provincial, Sebasti\u00e1n Mac\u00edas; el secretario de Desarrollo Econ\u00f3mico, Claudio Aguilar; el presidente del HCD, Horacio Mart\u00ednez; entre otros.<\/p>\n","protected":false},"excerpt":{"rendered":"<p>Este s&aacute;bado el intendente de Posadas, Ing. Leonardo Stelatto y el vicegobernador de la Provincia, Carlos Arce pusieron en funcionamiento la Feria Franca y de Emprendedores del Jard&iacute;n Bot&aacute;nico &laquo;Alberto&hellip; <\/p>\n","protected":false},"author":3,"featured_media":1485,"comment_status":"closed","ping_status":"open","sticky":false,"template":"","format":"standard","meta":{"_monsterinsights_skip_tracking":false,"_monsterinsights_sitenote_active":false,"_monsterinsights_sitenote_note":"","_monsterinsights_sitenote_category":0},"categories":[3],"tags":[22],"aioseo_notices":[],"_links":{"self":[{"href":"https:\/\/radionewsmisiones.ar\/site\/wp-json\/wp\/v2\/posts\/1483"}],"collection":[{"href":"https:\/\/radionewsmisiones.ar\/site\/wp-json\/wp\/v2\/posts"}],"about":[{"href":"https:\/\/radionewsmisiones.ar\/site\/wp-json\/wp\/v2\/types\/post"}],"author":[{"embeddable":true,"href":"https:\/\/radionewsmisiones.ar\/site\/wp-json\/wp\/v2\/users\/3"}],"replies":[{"embeddable":true,"href":"https:\/\/radionewsmisiones.ar\/site\/wp-json\/wp\/v2\/comments?post=1483"}],"version-history":[{"count":1,"href":"https:\/\/radionewsmisiones.ar\/site\/wp-json\/wp\/v2\/posts\/1483\/revisions"}],"predecessor-version":[{"id":1486,"href":"https:\/\/radionewsmisiones.ar\/site\/wp-json\/wp\/v2\/posts\/1483\/revisions\/1486"}],"wp:featuredmedia":[{"embeddable":true,"href":"https:\/\/radionewsmisiones.ar\/site\/wp-json\/wp\/v2\/media\/1485"}],"wp:attachment":[{"href":"https:\/\/radionewsmisiones.ar\/site\/wp-json\/wp\/v2\/media?parent=1483"}],"wp:term":[{"taxonomy":"category","embeddable":true,"href":"https:\/\/radionewsmisiones.ar\/site\/wp-json\/wp\/v2\/categories?post=1483"},{"taxonomy":"post_tag","embeddable":true,"href":"https:\/\/radionewsmisiones.ar\/site\/wp-json\/wp\/v2\/tags?post=1483"}],"curies":[{"name":"wp","href":"https:\/\/api.w.org\/{rel}","templated":true}]}}