{"id":1487,"date":"2022-09-04T18:38:32","date_gmt":"2022-09-04T21:38:32","guid":{"rendered":"https:\/\/radionewsmisiones.ar\/site\/?p=1487"},"modified":"2022-09-04T18:38:37","modified_gmt":"2022-09-04T21:38:37","slug":"parque-de-la-salud-informan-que-el-lunes-5-de-septiembre-de-2022-el-hospital-escuela-atendera-normalmente","status":"publish","type":"post","link":"https:\/\/radionewsmisiones.ar\/site\/provinciales\/parque-de-la-salud-informan-que-el-lunes-5-de-septiembre-de-2022-el-hospital-escuela-atendera-normalmente\/","title":{"rendered":"Parque de la Salud: Informan que el lunes 5 de septiembre de 2022, el Hospital Escuela atender\u00e1 normalmente"},"content":{"rendered":"\n<p>Desde el Hospital Escuela de Agudos \u201cDr. Ram\u00f3n Madariaga\u201d informan a la comunidad que trabajar\u00e1n normalmente, el lunes 5 de septiembre de 2022, fecha en la que se decret\u00f3 asueto para la Administraci\u00f3n P\u00fablica Provincial, con motivo del \u201cD\u00eda del Empleado P\u00fablico\u201d.<\/p>\n\n\n\n<figure class=\"wp-block-image size-full\"><img loading=\"lazy\" width=\"800\" height=\"600\" src=\"https:\/\/radionewsmisiones.ar\/site\/wp-content\/uploads\/2022\/09\/hospital-1.jpg\" alt=\"\" class=\"wp-image-1488\" srcset=\"https:\/\/radionewsmisiones.ar\/site\/wp-content\/uploads\/2022\/09\/hospital-1.jpg 800w, https:\/\/radionewsmisiones.ar\/site\/wp-content\/uploads\/2022\/09\/hospital-1-300x225.jpg 300w, https:\/\/radionewsmisiones.ar\/site\/wp-content\/uploads\/2022\/09\/hospital-1-768x576.jpg 768w\" sizes=\"(max-width: 800px) 100vw, 800px\" \/><\/figure>\n\n\n\n<p>Al tiempo que aclaran, que reducir\u00e1n la atenci\u00f3n el \u00abD\u00eda del Personal del Parque de la Salud de la Provincia de Misiones Dr. Ram\u00f3n Madariaga\u201d, que este a\u00f1o, por cuestiones de organizaci\u00f3n, se celebrar\u00e1 el 23 de septiembre de 2022.<\/p>\n\n\n\n<p>Finalmente, recuerdan que la Guardia de Emergencias funcionar\u00e1 normalmente para dar respuesta a las urgencias de salud de la poblaci\u00f3n que puedan tener en esa fecha.&nbsp;<\/p>\n","protected":false},"excerpt":{"rendered":"<p>Desde el Hospital Escuela de Agudos &ldquo;Dr. Ram&oacute;n Madariaga&rdquo; informan a la comunidad que trabajar&aacute;n normalmente, el lunes 5 de septiembre de 2022, fecha en la que se decret&oacute; asueto&hellip; <\/p>\n","protected":false},"author":3,"featured_media":1488,"comment_status":"closed","ping_status":"open","sticky":false,"template":"","format":"standard","meta":{"_monsterinsights_skip_tracking":false,"_monsterinsights_sitenote_active":false,"_monsterinsights_sitenote_note":"","_monsterinsights_sitenote_category":0},"categories":[3],"tags":[24],"aioseo_notices":[],"_links":{"self":[{"href":"https:\/\/radionewsmisiones.ar\/site\/wp-json\/wp\/v2\/posts\/1487"}],"collection":[{"href":"https:\/\/radionewsmisiones.ar\/site\/wp-json\/wp\/v2\/posts"}],"about":[{"href":"https:\/\/radionewsmisiones.ar\/site\/wp-json\/wp\/v2\/types\/post"}],"author":[{"embeddable":true,"href":"https:\/\/radionewsmisiones.ar\/site\/wp-json\/wp\/v2\/users\/3"}],"replies":[{"embeddable":true,"href":"https:\/\/radionewsmisiones.ar\/site\/wp-json\/wp\/v2\/comments?post=1487"}],"version-history":[{"count":1,"href":"https:\/\/radionewsmisiones.ar\/site\/wp-json\/wp\/v2\/posts\/1487\/revisions"}],"predecessor-version":[{"id":1489,"href":"https:\/\/radionewsmisiones.ar\/site\/wp-json\/wp\/v2\/posts\/1487\/revisions\/1489"}],"wp:featuredmedia":[{"embeddable":true,"href":"https:\/\/radionewsmisiones.ar\/site\/wp-json\/wp\/v2\/media\/1488"}],"wp:attachment":[{"href":"https:\/\/radionewsmisiones.ar\/site\/wp-json\/wp\/v2\/media?parent=1487"}],"wp:term":[{"taxonomy":"category","embeddable":true,"href":"https:\/\/radionewsmisiones.ar\/site\/wp-json\/wp\/v2\/categories?post=1487"},{"taxonomy":"post_tag","embeddable":true,"href":"https:\/\/radionewsmisiones.ar\/site\/wp-json\/wp\/v2\/tags?post=1487"}],"curies":[{"name":"wp","href":"https:\/\/api.w.org\/{rel}","templated":true}]}}