{"id":1498,"date":"2022-09-04T18:54:28","date_gmt":"2022-09-04T21:54:28","guid":{"rendered":"https:\/\/radionewsmisiones.ar\/site\/?p=1498"},"modified":"2022-09-04T18:54:32","modified_gmt":"2022-09-04T21:54:32","slug":"hubo-10-614-contagios-de-coronavirus-en-el-pais-un-46-menos-que-la-semana-pasada","status":"publish","type":"post","link":"https:\/\/radionewsmisiones.ar\/site\/nacionales\/hubo-10-614-contagios-de-coronavirus-en-el-pais-un-46-menos-que-la-semana-pasada\/","title":{"rendered":"Hubo 10.614 contagios de coronavirus en el pa\u00eds, un 46% menos que la semana pasada"},"content":{"rendered":"\n<p>La cartera sanitaria indic\u00f3 que son 366 los internados con Covid-19 en unidades de terapia intensiva, con un porcentaje de ocupaci\u00f3n de camas de adultos en el sector p\u00fablico y privado, para todas las patolog\u00edas, de 41.8% en el pa\u00eds.<\/p>\n\n\n\n<p>El Ministerio de Salud report\u00f3 este domingo 57 muertes por coronavirus y 10.614 contagios en la \u00faltima semana en la Argentina, lo que representa un 46% menos de casos que el domingo pasado (19.834).<\/p>\n\n\n\n<p>De acuerdo a los datos difundidos, la cantidad de muertes disminuy\u00f3 12% en relaci\u00f3n a la semana pasada cuando se hab\u00edan informado 65 fallecimientos.<\/p>\n\n\n\n<p>De esta manera, suman 129.768 los fallecidos registrados oficialmente a nivel nacional y 9.688.839 los contagiados desde el inicio de la pandemia.<\/p>\n\n\n\n<figure class=\"wp-block-image size-large\"><img loading=\"lazy\" width=\"1024\" height=\"576\" src=\"https:\/\/radionewsmisiones.ar\/site\/wp-content\/uploads\/2022\/07\/covid-1024x576.jpg\" alt=\"\" class=\"wp-image-169\" srcset=\"https:\/\/radionewsmisiones.ar\/site\/wp-content\/uploads\/2022\/07\/covid-1024x576.jpg 1024w, https:\/\/radionewsmisiones.ar\/site\/wp-content\/uploads\/2022\/07\/covid-300x169.jpg 300w, https:\/\/radionewsmisiones.ar\/site\/wp-content\/uploads\/2022\/07\/covid-768x432.jpg 768w, https:\/\/radionewsmisiones.ar\/site\/wp-content\/uploads\/2022\/07\/covid.jpg 1200w\" sizes=\"(max-width: 1024px) 100vw, 1024px\" \/><\/figure>\n","protected":false},"excerpt":{"rendered":"<p>La cartera sanitaria indic&oacute; que son 366 los internados con Covid-19 en unidades de terapia intensiva, con un porcentaje de ocupaci&oacute;n de camas de adultos en el sector p&uacute;blico y&hellip; <\/p>\n","protected":false},"author":3,"featured_media":169,"comment_status":"closed","ping_status":"open","sticky":false,"template":"","format":"standard","meta":{"_monsterinsights_skip_tracking":false,"_monsterinsights_sitenote_active":false,"_monsterinsights_sitenote_note":"","_monsterinsights_sitenote_category":0},"categories":[4],"tags":[],"aioseo_notices":[],"_links":{"self":[{"href":"https:\/\/radionewsmisiones.ar\/site\/wp-json\/wp\/v2\/posts\/1498"}],"collection":[{"href":"https:\/\/radionewsmisiones.ar\/site\/wp-json\/wp\/v2\/posts"}],"about":[{"href":"https:\/\/radionewsmisiones.ar\/site\/wp-json\/wp\/v2\/types\/post"}],"author":[{"embeddable":true,"href":"https:\/\/radionewsmisiones.ar\/site\/wp-json\/wp\/v2\/users\/3"}],"replies":[{"embeddable":true,"href":"https:\/\/radionewsmisiones.ar\/site\/wp-json\/wp\/v2\/comments?post=1498"}],"version-history":[{"count":1,"href":"https:\/\/radionewsmisiones.ar\/site\/wp-json\/wp\/v2\/posts\/1498\/revisions"}],"predecessor-version":[{"id":1499,"href":"https:\/\/radionewsmisiones.ar\/site\/wp-json\/wp\/v2\/posts\/1498\/revisions\/1499"}],"wp:featuredmedia":[{"embeddable":true,"href":"https:\/\/radionewsmisiones.ar\/site\/wp-json\/wp\/v2\/media\/169"}],"wp:attachment":[{"href":"https:\/\/radionewsmisiones.ar\/site\/wp-json\/wp\/v2\/media?parent=1498"}],"wp:term":[{"taxonomy":"category","embeddable":true,"href":"https:\/\/radionewsmisiones.ar\/site\/wp-json\/wp\/v2\/categories?post=1498"},{"taxonomy":"post_tag","embeddable":true,"href":"https:\/\/radionewsmisiones.ar\/site\/wp-json\/wp\/v2\/tags?post=1498"}],"curies":[{"name":"wp","href":"https:\/\/api.w.org\/{rel}","templated":true}]}}