{"id":1501,"date":"2022-09-05T22:26:18","date_gmt":"2022-09-06T01:26:18","guid":{"rendered":"https:\/\/radionewsmisiones.ar\/site\/?p=1501"},"modified":"2022-09-05T22:26:22","modified_gmt":"2022-09-06T01:26:22","slug":"clausuran-preventivamente-la-cancha-de-guarani","status":"publish","type":"post","link":"https:\/\/radionewsmisiones.ar\/site\/provinciales\/clausuran-preventivamente-la-cancha-de-guarani\/","title":{"rendered":"Clausuran preventivamente la cancha de Guaran\u00ed"},"content":{"rendered":"\n<p>A ra\u00edz de los incidentes ocurridos el d\u00eda domingo 4 de septiembre en el estadio de Guaran\u00ed Antonio Franco, ubicado en el Barrio Villa Sarita y en el marco del Torneo de la FeMiFu 2022, donde simpatizantes del equipo local tuvieron un fuerte altercado con sus pares de Nacional de Puerto Piray, efectivos municipales acudieron por solicitud de las fuerzas policiales para proceder a la clausura de la cancha.<\/p>\n\n\n\n<figure class=\"wp-block-image size-full\"><img loading=\"lazy\" width=\"591\" height=\"576\" src=\"https:\/\/radionewsmisiones.ar\/site\/wp-content\/uploads\/2022\/09\/WhatsApp-Image-2022-09-05-at-20.30.16.jpeg\" alt=\"\" class=\"wp-image-1502\" srcset=\"https:\/\/radionewsmisiones.ar\/site\/wp-content\/uploads\/2022\/09\/WhatsApp-Image-2022-09-05-at-20.30.16.jpeg 591w, https:\/\/radionewsmisiones.ar\/site\/wp-content\/uploads\/2022\/09\/WhatsApp-Image-2022-09-05-at-20.30.16-300x292.jpeg 300w\" sizes=\"(max-width: 591px) 100vw, 591px\" \/><\/figure>\n\n\n\n<p>Los hechos que tuvieron lugar en el estadio Clemente Argentino, comprenden el incumplimiento de al menos dos ordenanzas municipales, ya que adem\u00e1s de los disturbios provocados por ambas facciones, el episodio se inici\u00f3 a causa de fuegos artificiales arrojados a la cancha que comprometieron la integridad de los deportistas y trabajadores de la organizaci\u00f3n, raz\u00f3n por la que los hechos derivaron en un operativo de seguridad que concluy\u00f3 con el cierre de las instalaciones.<\/p>\n\n\n\n<p>Consultado por el alcance de las sanciones, el Director del \u00e1rea de Control Comunal Santiago Campos, expres\u00f3 que ser\u00e1n evaluadas \u201cen funci\u00f3n de las ordenanzas municipales y dem\u00e1s legislaciones incumplidas, que dependen de cada dominio p\u00fablico en cuesti\u00f3n, tanto para la organizaci\u00f3n deportiva como as\u00ed tambi\u00e9n, la instituci\u00f3n de Guaran\u00ed y su estructura como asociaci\u00f3n\u201d. Seg\u00fan explica Campos, las mismas ser\u00e1n determinadas por el juez responsable de la causa a partir de las observaciones que surjan de la correspondiente investigaci\u00f3n.<\/p>\n","protected":false},"excerpt":{"rendered":"<p>A ra&iacute;z de los incidentes ocurridos el d&iacute;a domingo 4 de septiembre en el estadio de Guaran&iacute; Antonio Franco, ubicado en el Barrio Villa Sarita y en el marco del&hellip; <\/p>\n","protected":false},"author":3,"featured_media":1502,"comment_status":"closed","ping_status":"open","sticky":false,"template":"","format":"standard","meta":{"_monsterinsights_skip_tracking":false,"_monsterinsights_sitenote_active":false,"_monsterinsights_sitenote_note":"","_monsterinsights_sitenote_category":0},"categories":[3],"tags":[22],"aioseo_notices":[],"_links":{"self":[{"href":"https:\/\/radionewsmisiones.ar\/site\/wp-json\/wp\/v2\/posts\/1501"}],"collection":[{"href":"https:\/\/radionewsmisiones.ar\/site\/wp-json\/wp\/v2\/posts"}],"about":[{"href":"https:\/\/radionewsmisiones.ar\/site\/wp-json\/wp\/v2\/types\/post"}],"author":[{"embeddable":true,"href":"https:\/\/radionewsmisiones.ar\/site\/wp-json\/wp\/v2\/users\/3"}],"replies":[{"embeddable":true,"href":"https:\/\/radionewsmisiones.ar\/site\/wp-json\/wp\/v2\/comments?post=1501"}],"version-history":[{"count":1,"href":"https:\/\/radionewsmisiones.ar\/site\/wp-json\/wp\/v2\/posts\/1501\/revisions"}],"predecessor-version":[{"id":1503,"href":"https:\/\/radionewsmisiones.ar\/site\/wp-json\/wp\/v2\/posts\/1501\/revisions\/1503"}],"wp:featuredmedia":[{"embeddable":true,"href":"https:\/\/radionewsmisiones.ar\/site\/wp-json\/wp\/v2\/media\/1502"}],"wp:attachment":[{"href":"https:\/\/radionewsmisiones.ar\/site\/wp-json\/wp\/v2\/media?parent=1501"}],"wp:term":[{"taxonomy":"category","embeddable":true,"href":"https:\/\/radionewsmisiones.ar\/site\/wp-json\/wp\/v2\/categories?post=1501"},{"taxonomy":"post_tag","embeddable":true,"href":"https:\/\/radionewsmisiones.ar\/site\/wp-json\/wp\/v2\/tags?post=1501"}],"curies":[{"name":"wp","href":"https:\/\/api.w.org\/{rel}","templated":true}]}}