{"id":1504,"date":"2022-09-05T22:27:48","date_gmt":"2022-09-06T01:27:48","guid":{"rendered":"https:\/\/radionewsmisiones.ar\/site\/?p=1504"},"modified":"2022-09-05T22:27:54","modified_gmt":"2022-09-06T01:27:54","slug":"tu-norte-esta-en-posadas-ya-se-vive-la-7ma-expo-ciudad-universitaria","status":"publish","type":"post","link":"https:\/\/radionewsmisiones.ar\/site\/provinciales\/tu-norte-esta-en-posadas-ya-se-vive-la-7ma-expo-ciudad-universitaria\/","title":{"rendered":"\u201cTu Norte est\u00e1 en Posadas\u201d, ya se vive la 7ma Expo Ciudad Universitaria"},"content":{"rendered":"\n<p>El mega evento educativo y acad\u00e9mico m\u00e1s grande de la regi\u00f3n, \u201cExpo Posadas Ciudad Universitaria\u201d abri\u00f3 sus puertas y en su primer d\u00eda recibi\u00f3 a cientos de estudiantes. El clima acompa\u00f1a la jornada inaugural que se desarrolla en el cuarto tramo de la Costanera.<\/p>\n\n\n\n<figure class=\"wp-block-image size-large\"><img loading=\"lazy\" width=\"1024\" height=\"682\" src=\"https:\/\/radionewsmisiones.ar\/site\/wp-content\/uploads\/2022\/09\/WhatsApp-Image-2022-09-05-at-16.56.53-1024x682.jpeg\" alt=\"\" class=\"wp-image-1505\" srcset=\"https:\/\/radionewsmisiones.ar\/site\/wp-content\/uploads\/2022\/09\/WhatsApp-Image-2022-09-05-at-16.56.53-1024x682.jpeg 1024w, https:\/\/radionewsmisiones.ar\/site\/wp-content\/uploads\/2022\/09\/WhatsApp-Image-2022-09-05-at-16.56.53-300x200.jpeg 300w, https:\/\/radionewsmisiones.ar\/site\/wp-content\/uploads\/2022\/09\/WhatsApp-Image-2022-09-05-at-16.56.53-768x512.jpeg 768w, https:\/\/radionewsmisiones.ar\/site\/wp-content\/uploads\/2022\/09\/WhatsApp-Image-2022-09-05-at-16.56.53.jpeg 1280w\" sizes=\"(max-width: 1024px) 100vw, 1024px\" \/><\/figure>\n\n\n\n<p>Por excelencia, es uno de los eventos m\u00e1s esperados durante el a\u00f1o, instituciones secundarias de toda la provincia y zonas aleda\u00f1as, como Corrientes, Chaco y Encarnaci\u00f3n (Paraguay), se organizan para visitar los stands de las numerosas propuestas acad\u00e9micas que brinda la capital misionera. Entre los cuales se encuentran 6 universidades y 43 Instituciones de Nivel Superior, T\u00e9cnicas y de formaci\u00f3n profesional, donde los interesados y curiosos pueden conocer las m\u00e1s de 220 alternativas acad\u00e9micas.<br>Para los que est\u00e1n en duda, dentro del cronograma de actividades, est\u00e1n programados varios talleres de orientaci\u00f3n vocacional, a cargo de profesionales en el tema, quienes asesoran a los j\u00f3venes sobre: \u00bfqu\u00e9 estudiar? \u00bfqu\u00e9 conviene? \u00bfse puede estudiar dos carreras al mismo tiempo?<\/p>\n\n\n\n<p>\u201cEstamos con muchas expectativas para esta 7ma edici\u00f3n, esperamos superar las visitas con respecto a las del a\u00f1o pasado. Queremos potenciar a Posadas como una ciudad universitaria y ser reconocidos como polo de conocimiento en toda la regi\u00f3n. Estamos contentos por el trabajo que venimos haciendo. Creemos que la educaci\u00f3n es la base fundamental para el cambio de esta sociedad\u201d, se\u00f1al\u00f3 Carlos Vigo, coordinador de la Agencia Universitaria.<\/p>\n\n\n\n<p>Adem\u00e1s durante el desarrollo de esta edici\u00f3n se dispone de espacios tecnol\u00f3gicos, l\u00fadicos-interactivos, deportes, culturales, y patio gastron\u00f3mico, entre otras propuestas. Para el cierre del viernes, se realizar\u00e1 el \u201cRecreo Universitario\u201d, con la presencia de bandas en vivo y DJ, acompa\u00f1ar\u00e1n la jornada puestos de artesanos y emprendedores de la ciudad.<\/p>\n\n\n\n<p>Los interesados en m\u00e1s informaci\u00f3n, pueden consultar en las redes sociales de Agencia Universitaria. La Expo abre de 9 a 17 hs.<\/p>\n","protected":false},"excerpt":{"rendered":"<p>El mega evento educativo y acad&eacute;mico m&aacute;s grande de la regi&oacute;n, &ldquo;Expo Posadas Ciudad Universitaria&rdquo; abri&oacute; sus puertas y en su primer d&iacute;a recibi&oacute; a cientos de estudiantes. El clima&hellip; <\/p>\n","protected":false},"author":3,"featured_media":1506,"comment_status":"closed","ping_status":"open","sticky":false,"template":"","format":"standard","meta":{"_monsterinsights_skip_tracking":false,"_monsterinsights_sitenote_active":false,"_monsterinsights_sitenote_note":"","_monsterinsights_sitenote_category":0},"categories":[3],"tags":[22],"aioseo_notices":[],"_links":{"self":[{"href":"https:\/\/radionewsmisiones.ar\/site\/wp-json\/wp\/v2\/posts\/1504"}],"collection":[{"href":"https:\/\/radionewsmisiones.ar\/site\/wp-json\/wp\/v2\/posts"}],"about":[{"href":"https:\/\/radionewsmisiones.ar\/site\/wp-json\/wp\/v2\/types\/post"}],"author":[{"embeddable":true,"href":"https:\/\/radionewsmisiones.ar\/site\/wp-json\/wp\/v2\/users\/3"}],"replies":[{"embeddable":true,"href":"https:\/\/radionewsmisiones.ar\/site\/wp-json\/wp\/v2\/comments?post=1504"}],"version-history":[{"count":1,"href":"https:\/\/radionewsmisiones.ar\/site\/wp-json\/wp\/v2\/posts\/1504\/revisions"}],"predecessor-version":[{"id":1507,"href":"https:\/\/radionewsmisiones.ar\/site\/wp-json\/wp\/v2\/posts\/1504\/revisions\/1507"}],"wp:featuredmedia":[{"embeddable":true,"href":"https:\/\/radionewsmisiones.ar\/site\/wp-json\/wp\/v2\/media\/1506"}],"wp:attachment":[{"href":"https:\/\/radionewsmisiones.ar\/site\/wp-json\/wp\/v2\/media?parent=1504"}],"wp:term":[{"taxonomy":"category","embeddable":true,"href":"https:\/\/radionewsmisiones.ar\/site\/wp-json\/wp\/v2\/categories?post=1504"},{"taxonomy":"post_tag","embeddable":true,"href":"https:\/\/radionewsmisiones.ar\/site\/wp-json\/wp\/v2\/tags?post=1504"}],"curies":[{"name":"wp","href":"https:\/\/api.w.org\/{rel}","templated":true}]}}