{"id":1508,"date":"2022-09-05T22:30:11","date_gmt":"2022-09-06T01:30:11","guid":{"rendered":"https:\/\/radionewsmisiones.ar\/site\/?p=1508"},"modified":"2022-09-05T22:30:16","modified_gmt":"2022-09-06T01:30:16","slug":"emotivo-homenaje-a-residentes-inmigrantes-con-mas-de-50-anos-en-la-ciudad","status":"publish","type":"post","link":"https:\/\/radionewsmisiones.ar\/site\/provinciales\/emotivo-homenaje-a-residentes-inmigrantes-con-mas-de-50-anos-en-la-ciudad\/","title":{"rendered":"Emotivo homenaje a residentes inmigrantes con m\u00e1s de 50 a\u00f1os en la ciudad"},"content":{"rendered":"\n<p>En el marco del pasado D\u00eda Nacional del Inmigrante, la comunidad posade\u00f1a rindi\u00f3 este lunes un reconocimiento a los residentes inmigrantes con m\u00e1s de 50 a\u00f1os en Posadas. Como no pod\u00eda ser de otra manera, la celebraci\u00f3n tuvo lugar en la Plazoleta, ubicada sobre Av. Roque P\u00e9rez y calle Col\u00f3n.<\/p>\n\n\n\n<figure class=\"wp-block-image size-large\"><img loading=\"lazy\" width=\"1024\" height=\"682\" src=\"https:\/\/radionewsmisiones.ar\/site\/wp-content\/uploads\/2022\/09\/WhatsApp-Image-2022-09-05-at-14.32.36-1024x682.jpeg\" alt=\"\" class=\"wp-image-1509\" srcset=\"https:\/\/radionewsmisiones.ar\/site\/wp-content\/uploads\/2022\/09\/WhatsApp-Image-2022-09-05-at-14.32.36-1024x682.jpeg 1024w, https:\/\/radionewsmisiones.ar\/site\/wp-content\/uploads\/2022\/09\/WhatsApp-Image-2022-09-05-at-14.32.36-300x200.jpeg 300w, https:\/\/radionewsmisiones.ar\/site\/wp-content\/uploads\/2022\/09\/WhatsApp-Image-2022-09-05-at-14.32.36-768x512.jpeg 768w, https:\/\/radionewsmisiones.ar\/site\/wp-content\/uploads\/2022\/09\/WhatsApp-Image-2022-09-05-at-14.32.36.jpeg 1280w\" sizes=\"(max-width: 1024px) 100vw, 1024px\" \/><\/figure>\n\n\n\n<p>Se entregaron certificados en reconocimiento a Osoria Neke y Lenira De Oliveira Santos (descendientes brasile\u00f1as); Florentina Araujo Villasboa, Francisca Concepcion V\u00e1zquez Benitez y Bienvenido Ramos Lugo (descendientes paraguayos). Asimismo, se coloc\u00f3 una placa para recordar a los inmigrantes que colaboraron a forjar esta ciudad con esfuerzo y trabajo, acompa\u00f1ada de una ofrenda floral en recuerdo a los inmigrantes desaparecidos.<\/p>\n\n\n\n<p>\u201cComo misionera y nieta de inmigrantes siempre me gusta recordar todas esas costumbres y esas tradiciones que hasta el d\u00eda de hoy nos siguen llenando de orgullo y nos permiten disfrutar, por ejemplo, a trav\u00e9s de la gastronom\u00eda, a trav\u00e9s del turismo, a lo largo y a lo ancho de la provincia\u201d, manifest\u00f3 la delegada de Migraciones, Blanca Rosa Lobato y destac\u00f3.<\/p>\n\n\n\n<p>\u201cLa ley 25.871 que es la que hoy rige todo el trabajo de la Direcci\u00f3n Nacional de Migraciones. Esa legislaci\u00f3n reconoce, por primera vez, el paradigma del derecho humano porque migrar es un acto y un derecho humano y est\u00e1 en la Declaraci\u00f3n Universal. Por eso es sumamente importante en esta fecha, adem\u00e1s de celebrar, reflexionar sobre estas cuestiones. Nosotros tenemos la posibilidad de vivir en la diversidad cultural y en la pluralidad de voces, lo cual quiz\u00e1s en otros pa\u00edses se dificulta un poco m\u00e1s, entonces como argentinos nosotros, en este marco de respeto y de amor que realmente nos merecemos, tenemos que celebrar y seguir mejorando todas las pol\u00edticas que hagan al bienestar de todos los inmigrantes en esta tierra argentina\u201d, agreg\u00f3 la funcionaria.<\/p>\n\n\n\n<p>Por otra parte, se hizo entrega de diplomas a jubilados de la Direcci\u00f3n General de Migraciones, reconociendo su labor y trayectoria en todos los a\u00f1os de servicio prestados al organismo. Los homenajeados fueron: Amarilla, Estela Wilma, primera empleada civil en la Delegaci\u00f3n Posadas; Malnatti, Rosa Eugenia; Tavarez, Juana Alicia; Benitez, Carmen Dolores; Melo, Clara Herminia; Melo, Bautista Angel; Ferreira, Marcela Cecilia; Toledano, Graciela; Tula, Santiago Ernesto; Monteverde, Oscar Eduardo.<\/p>\n\n\n\n<p>Para dar cierre al emotivo acto, se realiz\u00f3 un peque\u00f1o desfile donde las distintas colectividades lucieron los atuendos caracter\u00edsticos de sus pa\u00edses de origen, y los m\u00fasicos del Palacio ofrecieron un breve repertorio a los presentes.<\/p>\n\n\n\n<p>Formaron parte de la celebraci\u00f3n, Secretarios y Coordinadores municipales en representaci\u00f3n del Ejecutivo; la delegada de Posadas de la Direcci\u00f3n Nacional de Migraciones, la Lic. Blanca Rosa Lobato; c\u00f3nsules y presidentes de las distintas asociaciones y colectividades; diputados provinciales; concejales e integrantes de las fuerzas armadas, de seguridad y policiales, en representaci\u00f3n del gobierno provincial.<\/p>\n\n\n\n<p>Vale recordar que el 4 de septiembre de 1812, el Primer Triunvirato, firm\u00f3 el decreto que establec\u00eda: \u201cel gobernador ofrece su inmediata protecci\u00f3n a los individuos de todas las naciones y a sus familiares que deseen fijar su domicilio en el territorio\u201d. De esta forma la Rep\u00fablica Argentina abri\u00f3 sus fronteras a los inmigrantes de cualquier parte del mundo que quisiesen vivir en este suelo, siendo este el primer antecedente del Programa Constitucional de la Rep\u00fablica Argentina.<\/p>\n","protected":false},"excerpt":{"rendered":"<p>En el marco del pasado D&iacute;a Nacional del Inmigrante, la comunidad posade&ntilde;a rindi&oacute; este lunes un reconocimiento a los residentes inmigrantes con m&aacute;s de 50 a&ntilde;os en Posadas. Como no&hellip; <\/p>\n","protected":false},"author":3,"featured_media":1510,"comment_status":"closed","ping_status":"open","sticky":false,"template":"","format":"standard","meta":{"_monsterinsights_skip_tracking":false,"_monsterinsights_sitenote_active":false,"_monsterinsights_sitenote_note":"","_monsterinsights_sitenote_category":0},"categories":[3],"tags":[22],"aioseo_notices":[],"_links":{"self":[{"href":"https:\/\/radionewsmisiones.ar\/site\/wp-json\/wp\/v2\/posts\/1508"}],"collection":[{"href":"https:\/\/radionewsmisiones.ar\/site\/wp-json\/wp\/v2\/posts"}],"about":[{"href":"https:\/\/radionewsmisiones.ar\/site\/wp-json\/wp\/v2\/types\/post"}],"author":[{"embeddable":true,"href":"https:\/\/radionewsmisiones.ar\/site\/wp-json\/wp\/v2\/users\/3"}],"replies":[{"embeddable":true,"href":"https:\/\/radionewsmisiones.ar\/site\/wp-json\/wp\/v2\/comments?post=1508"}],"version-history":[{"count":1,"href":"https:\/\/radionewsmisiones.ar\/site\/wp-json\/wp\/v2\/posts\/1508\/revisions"}],"predecessor-version":[{"id":1511,"href":"https:\/\/radionewsmisiones.ar\/site\/wp-json\/wp\/v2\/posts\/1508\/revisions\/1511"}],"wp:featuredmedia":[{"embeddable":true,"href":"https:\/\/radionewsmisiones.ar\/site\/wp-json\/wp\/v2\/media\/1510"}],"wp:attachment":[{"href":"https:\/\/radionewsmisiones.ar\/site\/wp-json\/wp\/v2\/media?parent=1508"}],"wp:term":[{"taxonomy":"category","embeddable":true,"href":"https:\/\/radionewsmisiones.ar\/site\/wp-json\/wp\/v2\/categories?post=1508"},{"taxonomy":"post_tag","embeddable":true,"href":"https:\/\/radionewsmisiones.ar\/site\/wp-json\/wp\/v2\/tags?post=1508"}],"curies":[{"name":"wp","href":"https:\/\/api.w.org\/{rel}","templated":true}]}}