{"id":1512,"date":"2022-09-05T22:31:46","date_gmt":"2022-09-06T01:31:46","guid":{"rendered":"https:\/\/radionewsmisiones.ar\/site\/?p=1512"},"modified":"2022-09-05T22:31:51","modified_gmt":"2022-09-06T01:31:51","slug":"avanzan-las-obras-de-modernizacion-en-el-parque-de-la-ciudad","status":"publish","type":"post","link":"https:\/\/radionewsmisiones.ar\/site\/provinciales\/avanzan-las-obras-de-modernizacion-en-el-parque-de-la-ciudad\/","title":{"rendered":"Avanzan las obras de modernizaci\u00f3n en el Parque de la Ciudad"},"content":{"rendered":"\n<p>La Municipalidad de Posadas est\u00e1 realizando la primera etapa de las obras en el Parque de la Ciudad, un espacio tradicional ideado para el esparcimiento y el reencuentro comunitario.<\/p>\n\n\n\n<figure class=\"wp-block-image size-large\"><img loading=\"lazy\" width=\"1024\" height=\"768\" src=\"https:\/\/radionewsmisiones.ar\/site\/wp-content\/uploads\/2022\/09\/WhatsApp-Image-2022-09-05-at-12.20.49-1024x768.jpeg\" alt=\"\" class=\"wp-image-1513\" srcset=\"https:\/\/radionewsmisiones.ar\/site\/wp-content\/uploads\/2022\/09\/WhatsApp-Image-2022-09-05-at-12.20.49-1024x768.jpeg 1024w, https:\/\/radionewsmisiones.ar\/site\/wp-content\/uploads\/2022\/09\/WhatsApp-Image-2022-09-05-at-12.20.49-300x225.jpeg 300w, https:\/\/radionewsmisiones.ar\/site\/wp-content\/uploads\/2022\/09\/WhatsApp-Image-2022-09-05-at-12.20.49-768x576.jpeg 768w, https:\/\/radionewsmisiones.ar\/site\/wp-content\/uploads\/2022\/09\/WhatsApp-Image-2022-09-05-at-12.20.49.jpeg 1280w\" sizes=\"(max-width: 1024px) 100vw, 1024px\" \/><\/figure>\n\n\n\n<p>Dicha intervenci\u00f3n tiene como intenci\u00f3n de modernizar este lugar, en donde los visitantes podr\u00e1n disfrutar de la naturaleza y de toda su infraestructura.<\/p>\n\n\n\n<p>En esta primera etapa se realiz\u00f3 el Centro de Atenci\u00f3n al Visitante, y se encuentra en desarrollo el reacondicionamiento de los n\u00facleos sanitarios, restobar y sal\u00f3n de usos m\u00faltiples.<\/p>\n\n\n\n<p>Este centro tiene una superficie de 110 m2 y su objetivo se basa en asesorar e informar a las personas sobre los puntos m\u00e1s importantes de Posadas, como as\u00ed tambi\u00e9n los que se encuentran en diversos municipios. El mismo cuenta con una sala de conferencias con pantallas para proyecciones de audiovisuales.<\/p>\n\n\n\n<p>En los sanitarios existentes se est\u00e1n reacondicionando todas sus instalaciones, carpinter\u00edas, revestimientos, artefactos, grifer\u00edas y adem\u00e1s se est\u00e1n incorporando m\u00f3dulos adaptados para personas con discapacidad.<\/p>\n\n\n\n<p>En lo que respecta al \u00e1rea del restaurante, se expandi\u00f3 la superficie semicubierta generando un espacio de patio gastron\u00f3mico, brindando una mayor comodidad a los usuarios. De esta forma, se mejor\u00f3 el interior del lugar y se reacondicion\u00f3 la cocina. La superficie total de ambos bloques funcionales es de 440 m2.<\/p>\n\n\n\n<p>Otra de las acciones es la construcci\u00f3n del nuevo edificio de usos m\u00faltiples para el desarrollo de actividades culturales y sociales, cuya superficie es de 680 m2. El proyecto consta de una gran cubierta debajo de la cual se vinculan por medio de galer\u00edas los diferentes usos, una oficina de atenci\u00f3n al p\u00fablico, el sal\u00f3n propiamente dicho que tendr\u00e1 una capacidad para 100 personas sentadas; restobar y sector sanitario.<\/p>\n\n\n\n<p>Adem\u00e1s, se est\u00e1 mejorando el solado, logrando una superficie uniforme y apropiada para el tr\u00e1nsito peatonal. En esa l\u00ednea, se finaliz\u00f3 el bulevar de ingreso asfaltado jerarquizando el acceso y distribuci\u00f3n dentro del parque.<\/p>\n\n\n\n<p>El lenguaje de estos edificios pretende generar una identidad con el entorno natural mediante los materiales y la morfolog\u00eda.<\/p>\n","protected":false},"excerpt":{"rendered":"<p>La Municipalidad de Posadas est&aacute; realizando la primera etapa de las obras en el Parque de la Ciudad, un espacio tradicional ideado para el esparcimiento y el reencuentro comunitario. Dicha&hellip; <\/p>\n","protected":false},"author":3,"featured_media":1514,"comment_status":"closed","ping_status":"open","sticky":false,"template":"","format":"standard","meta":{"_monsterinsights_skip_tracking":false,"_monsterinsights_sitenote_active":false,"_monsterinsights_sitenote_note":"","_monsterinsights_sitenote_category":0},"categories":[3],"tags":[22],"aioseo_notices":[],"_links":{"self":[{"href":"https:\/\/radionewsmisiones.ar\/site\/wp-json\/wp\/v2\/posts\/1512"}],"collection":[{"href":"https:\/\/radionewsmisiones.ar\/site\/wp-json\/wp\/v2\/posts"}],"about":[{"href":"https:\/\/radionewsmisiones.ar\/site\/wp-json\/wp\/v2\/types\/post"}],"author":[{"embeddable":true,"href":"https:\/\/radionewsmisiones.ar\/site\/wp-json\/wp\/v2\/users\/3"}],"replies":[{"embeddable":true,"href":"https:\/\/radionewsmisiones.ar\/site\/wp-json\/wp\/v2\/comments?post=1512"}],"version-history":[{"count":1,"href":"https:\/\/radionewsmisiones.ar\/site\/wp-json\/wp\/v2\/posts\/1512\/revisions"}],"predecessor-version":[{"id":1515,"href":"https:\/\/radionewsmisiones.ar\/site\/wp-json\/wp\/v2\/posts\/1512\/revisions\/1515"}],"wp:featuredmedia":[{"embeddable":true,"href":"https:\/\/radionewsmisiones.ar\/site\/wp-json\/wp\/v2\/media\/1514"}],"wp:attachment":[{"href":"https:\/\/radionewsmisiones.ar\/site\/wp-json\/wp\/v2\/media?parent=1512"}],"wp:term":[{"taxonomy":"category","embeddable":true,"href":"https:\/\/radionewsmisiones.ar\/site\/wp-json\/wp\/v2\/categories?post=1512"},{"taxonomy":"post_tag","embeddable":true,"href":"https:\/\/radionewsmisiones.ar\/site\/wp-json\/wp\/v2\/tags?post=1512"}],"curies":[{"name":"wp","href":"https:\/\/api.w.org\/{rel}","templated":true}]}}