{"id":1523,"date":"2022-09-05T22:40:50","date_gmt":"2022-09-06T01:40:50","guid":{"rendered":"https:\/\/radionewsmisiones.ar\/site\/?p=1523"},"modified":"2022-09-05T22:40:57","modified_gmt":"2022-09-06T01:40:57","slug":"herrera-ahuad-participo-en-la-apertura-del-local-de-una-franquicia-en-posadas","status":"publish","type":"post","link":"https:\/\/radionewsmisiones.ar\/site\/provinciales\/herrera-ahuad-participo-en-la-apertura-del-local-de-una-franquicia-en-posadas\/","title":{"rendered":"Herrera ahuad particip\u00f3 en la apertura del local de una franquicia en Posadas"},"content":{"rendered":"\n<p><em>El Gobernador acompa\u00f1\u00f3 a los emprendedores detr\u00e1s de la llegada de la franquicia de una f\u00e1brica de l\u00e1cteos a Posadas. Se trata de una marca con 70 sucursales en todo el pa\u00eds que desembarca en la provincia con su estrategia comercial.&nbsp;<\/em><\/p>\n\n\n\n<figure class=\"wp-block-image size-full\"><img loading=\"lazy\" width=\"1024\" height=\"683\" src=\"https:\/\/radionewsmisiones.ar\/site\/wp-content\/uploads\/2022\/09\/3-7.jpeg\" alt=\"\" class=\"wp-image-1524\" srcset=\"https:\/\/radionewsmisiones.ar\/site\/wp-content\/uploads\/2022\/09\/3-7.jpeg 1024w, https:\/\/radionewsmisiones.ar\/site\/wp-content\/uploads\/2022\/09\/3-7-300x200.jpeg 300w, https:\/\/radionewsmisiones.ar\/site\/wp-content\/uploads\/2022\/09\/3-7-768x512.jpeg 768w\" sizes=\"(max-width: 1024px) 100vw, 1024px\" \/><\/figure>\n\n\n\n<p><strong>POSADAS.<\/strong> Una reconocida f\u00e1brica de l\u00e1cteos abri\u00f3 esta tarde una sucursal en Posadas, sumando otra propuesta comercial que genera puestos de trabajo en la provincia. El gobernador Oscar Herrera Ahuad visit\u00f3 a los emprendedores al frente de \u201cLuz Azul\u201d que apunta a llegar a la comercializaci\u00f3n de los productos sin intermediarios, para as\u00ed mantener la relaci\u00f3n de precio-calidad.\u00a0<\/p>\n\n\n\n<p>El funcionario provincial agradeci\u00f3 a los responsables del emprendimiento por \u00abinvertir en la provincia\u00bb y seguir diversificando la oferta gastron\u00f3mica y comercial. \u00abLo que a uno lo trae a estos eventos es el agradecimiento por general mayor cantidad de puestos de trabajo en la provincia\u00bb, recalc\u00f3. Tambi\u00e9n, este tipo de eventos, asegur\u00f3, da la posibilidad de tratar mano a mano con los responsables empresariales para \u00abver cu\u00e1les son las perspectivas a futuro y tranquiliza mucho saber que la provincia es receptiva en materia de posibilidades de crecimiento y de desarrollo comercial\u00bb. Tras lo cual y ante la posibilidad de que las franquicias puedan abrir otras sucursales en la provincia, el mandatario expres\u00f3 que \u00abnos da una gran oportunidad de saber que en esa conjunci\u00f3n de trabajo p\u00fablico privada est\u00e1n al crecimiento y el desarrollo de todos\u00bb.&nbsp; Tambi\u00e9n, en el caso de Luz Azul, destac\u00f3 que podr\u00e1 comercializar productos de origen misionero no s\u00f3lo en las g\u00f3ndolas provinciales, sino tambi\u00e9n en la oferta nacional.&nbsp;<\/p>\n\n\n\n<p>Asimismo, el mandatario resalt\u00f3 la llegada de franquicias que se instalaron en Misiones en estos \u00faltimos dos a\u00f1os. \u00abSobre todo cuando pudimos demostrar a la Argentina y al mundo que se puede trabajar y se puede cuidar la salud. En especial, en la pandemia, cuando pr\u00e1cticamente la econom\u00eda de la provincia en vez de retroceder, fue hacia adelante. Y as\u00ed llegaron franquicias que han dado a Misiones un estatus de provincia que tiene la capacidad y la posibilidad de generar respuestas ante una poblaci\u00f3n que es exigente en la demanda de calidad gastron\u00f3mica\u00bb, acot\u00f3.&nbsp;<\/p>\n\n\n\n<p>A su turno, Gabriela Benac, due\u00f1a de la franquicia l\u00e1ctea, destac\u00f3 la presencia de Luz Azul en 70 sucursales en diversas partes de Argentina y coment\u00f3 que en \u201ccada provincia que vamos hacemos una alianza con una empresa PYME para poder comercializar en toda la cadena\u201d, por lo que espera incorporar productos de origen misionero. Mientras, Maximiliano Brog, referente de South American Group, adelant\u00f3 que esperan abrir 7 de estos locales en los pr\u00f3ximos meses en Misiones.&nbsp;<\/p>\n\n\n\n<p>Entre los asistentes al evento, realizado en el local de la avenida Mitre 1556, estuvieron el ministro de Turismo, Jos\u00e9 Mar\u00eda Arrua; la diputada Provincial, Karen Fiege, el presidente del Concejo Deliberante de Posadas, Horacio Mart\u00ednez, y funcionarios locales. &nbsp;<\/p>\n\n\n\n<p><strong>UNA NUEVA FRANQUICIA EN MISIONES<\/strong>&nbsp;<\/p>\n\n\n\n<p>En detalle, hoy se realiz\u00f3 la apertura de la franquicia de la f\u00e1brica de l\u00e1cteos argentinos Luz Azul, ubicada en la zona centro de la capital provincial. Con 70 sucursales en todo el pa\u00eds, esta empresa l\u00e1ctea \u2013referente de la ciudad de Azul, provincia de Buenos Aires\u2013&nbsp;empez\u00f3 en 2012 fabricandoquesos y dulce de leche, como productos insignia y r\u00e1pidamente se extendi\u00f3. Adem\u00e1s, directivos empresariales. &nbsp;<\/p>\n\n\n\n<p>Luz Azul se suma como nueva incorporaci\u00f3n a la lista de franquicias como Cachalote, Costumbres Argentinas, Patanegra, Lucciano\u2019s, Gl\u00fcck, Antares, Mc Donalds, Dean &amp; Dennys con presencia en Posadas.&nbsp;<\/p>\n\n\n\n<p><strong>\u00a0<\/strong><\/p>\n","protected":false},"excerpt":{"rendered":"<p>El Gobernador acompa&ntilde;&oacute; a los emprendedores detr&aacute;s de la llegada de la franquicia de una f&aacute;brica de l&aacute;cteos a Posadas. Se trata de una marca con 70 sucursales en todo&hellip; <\/p>\n","protected":false},"author":3,"featured_media":1525,"comment_status":"closed","ping_status":"open","sticky":false,"template":"","format":"standard","meta":{"_monsterinsights_skip_tracking":false,"_monsterinsights_sitenote_active":false,"_monsterinsights_sitenote_note":"","_monsterinsights_sitenote_category":0},"categories":[3],"tags":[],"aioseo_notices":[],"_links":{"self":[{"href":"https:\/\/radionewsmisiones.ar\/site\/wp-json\/wp\/v2\/posts\/1523"}],"collection":[{"href":"https:\/\/radionewsmisiones.ar\/site\/wp-json\/wp\/v2\/posts"}],"about":[{"href":"https:\/\/radionewsmisiones.ar\/site\/wp-json\/wp\/v2\/types\/post"}],"author":[{"embeddable":true,"href":"https:\/\/radionewsmisiones.ar\/site\/wp-json\/wp\/v2\/users\/3"}],"replies":[{"embeddable":true,"href":"https:\/\/radionewsmisiones.ar\/site\/wp-json\/wp\/v2\/comments?post=1523"}],"version-history":[{"count":1,"href":"https:\/\/radionewsmisiones.ar\/site\/wp-json\/wp\/v2\/posts\/1523\/revisions"}],"predecessor-version":[{"id":1526,"href":"https:\/\/radionewsmisiones.ar\/site\/wp-json\/wp\/v2\/posts\/1523\/revisions\/1526"}],"wp:featuredmedia":[{"embeddable":true,"href":"https:\/\/radionewsmisiones.ar\/site\/wp-json\/wp\/v2\/media\/1525"}],"wp:attachment":[{"href":"https:\/\/radionewsmisiones.ar\/site\/wp-json\/wp\/v2\/media?parent=1523"}],"wp:term":[{"taxonomy":"category","embeddable":true,"href":"https:\/\/radionewsmisiones.ar\/site\/wp-json\/wp\/v2\/categories?post=1523"},{"taxonomy":"post_tag","embeddable":true,"href":"https:\/\/radionewsmisiones.ar\/site\/wp-json\/wp\/v2\/tags?post=1523"}],"curies":[{"name":"wp","href":"https:\/\/api.w.org\/{rel}","templated":true}]}}