{"id":1531,"date":"2022-09-05T22:45:28","date_gmt":"2022-09-06T01:45:28","guid":{"rendered":"https:\/\/radionewsmisiones.ar\/site\/?p=1531"},"modified":"2022-09-05T22:45:33","modified_gmt":"2022-09-06T01:45:33","slug":"%ef%bf%bcjovenes-participaron-en-la-legislatura-de-una-capacitacion-sobre-privacidad-en-internet","status":"publish","type":"post","link":"https:\/\/radionewsmisiones.ar\/site\/provinciales\/%ef%bf%bcjovenes-participaron-en-la-legislatura-de-una-capacitacion-sobre-privacidad-en-internet\/","title":{"rendered":"\ufffcJ\u00f3venes participaron en la Legislatura de una capacitaci\u00f3n sobre privacidad en internet"},"content":{"rendered":"\n<p><strong>El encuentro, denominado \u201cIdentidad Digital: la importancia de la privacidad y c\u00f3mo cuidar nuestra informaci\u00f3n personal en internet\u201d, se desarroll\u00f3 a trav\u00e9s del Programa Soy Digital y en alianza con Meta, el Gobierno de la provincia de Misiones, la Agencia Territorial Posadas del Ministerio de Trabajo de la Naci\u00f3n &nbsp;y la C\u00e1mara de Representantes.<\/strong><\/p>\n\n\n\n<figure class=\"wp-block-image size-large\"><img loading=\"lazy\" width=\"1024\" height=\"453\" src=\"https:\/\/radionewsmisiones.ar\/site\/wp-content\/uploads\/2022\/09\/DSC_0523-1024x453.jpg\" alt=\"\" class=\"wp-image-1532\" srcset=\"https:\/\/radionewsmisiones.ar\/site\/wp-content\/uploads\/2022\/09\/DSC_0523-1024x453.jpg 1024w, https:\/\/radionewsmisiones.ar\/site\/wp-content\/uploads\/2022\/09\/DSC_0523-300x133.jpg 300w, https:\/\/radionewsmisiones.ar\/site\/wp-content\/uploads\/2022\/09\/DSC_0523-768x340.jpg 768w, https:\/\/radionewsmisiones.ar\/site\/wp-content\/uploads\/2022\/09\/DSC_0523.jpg 1080w\" sizes=\"(max-width: 1024px) 100vw, 1024px\" \/><\/figure>\n\n\n\n<p>Asistieron estudiantes de cuarto y quinto a\u00f1o de la Escuela Provincial de Educaci\u00f3n T\u00e9cnica 2; de la Comercio 6; Colegio Provincial 1 \u201cMart\u00edn de Moussy\u201d; y de la Normal Superior Estados Unidos del Brasil.<\/p>\n\n\n\n<p>Las disertaciones, por videoconferencia, estuvieron a cargo del equipo de la organizaci\u00f3n no gubernamental Faro Digital que promueve talleres, campa\u00f1as, investigaciones en dilemas educativos, sociales, comunicacionales y vinculares que emergen del uso cotidiano de las plataformas digitales.<\/p>\n\n\n\n<p>Encabezaron la apertura el diputado provincial Lucas Romero Spinelli y la Jefa de la Agencia Territorial Posadas del Ministerio de Trabajo, Ver\u00f3nica Derna. Acompa\u00f1aron la diputada Adriana Bezus y el director de la Escuela Secundaria de Innovaci\u00f3n, Ramiro Aranda. &nbsp;<\/p>\n\n\n\n<p>Romero se dirigi\u00f3 a los j\u00f3venes participantes y dio la bienvenida, en nombre del presidente de la Legislatura, Carlos Rovira. En la oportunidad se refiri\u00f3 a la impronta de apertura y \u201ccercan\u00eda del Parlamento Misionero con la sociedad; y de brindar herramientas y acceso al conocimiento para los j\u00f3venes de la provincia\u201d.<\/p>\n\n\n\n<p>\u201cEsta es la primera capacitaci\u00f3n del a\u00f1o con Meta y Faro Digital en un tema importante como la huella y el rastro que dejamos en internet\u201d, a\u00f1adi\u00f3.<\/p>\n\n\n\n<p>A su turno Ver\u00f3nica Derna record\u00f3 la realizaci\u00f3n de talleres similares \u201cen Ober\u00e1 donde participaron 500 personas y en San Pedro para m\u00e1s de mil\u201d.<\/p>\n\n\n\n<p>\u201cSiempre pensamos en transmitir estas herramientas fundamentales para los tiempos que estamos viviendo, la era digital, y aprender a manejarnos de manera responsable\u201d, asegur\u00f3.<\/p>\n","protected":false},"excerpt":{"rendered":"<p>El encuentro, denominado &ldquo;Identidad Digital: la importancia de la privacidad y c&oacute;mo cuidar nuestra informaci&oacute;n personal en internet&rdquo;, se desarroll&oacute; a trav&eacute;s del Programa Soy Digital y en alianza con&hellip; <\/p>\n","protected":false},"author":3,"featured_media":1533,"comment_status":"closed","ping_status":"open","sticky":false,"template":"","format":"standard","meta":{"_monsterinsights_skip_tracking":false,"_monsterinsights_sitenote_active":false,"_monsterinsights_sitenote_note":"","_monsterinsights_sitenote_category":0},"categories":[3],"tags":[7],"aioseo_notices":[],"_links":{"self":[{"href":"https:\/\/radionewsmisiones.ar\/site\/wp-json\/wp\/v2\/posts\/1531"}],"collection":[{"href":"https:\/\/radionewsmisiones.ar\/site\/wp-json\/wp\/v2\/posts"}],"about":[{"href":"https:\/\/radionewsmisiones.ar\/site\/wp-json\/wp\/v2\/types\/post"}],"author":[{"embeddable":true,"href":"https:\/\/radionewsmisiones.ar\/site\/wp-json\/wp\/v2\/users\/3"}],"replies":[{"embeddable":true,"href":"https:\/\/radionewsmisiones.ar\/site\/wp-json\/wp\/v2\/comments?post=1531"}],"version-history":[{"count":1,"href":"https:\/\/radionewsmisiones.ar\/site\/wp-json\/wp\/v2\/posts\/1531\/revisions"}],"predecessor-version":[{"id":1534,"href":"https:\/\/radionewsmisiones.ar\/site\/wp-json\/wp\/v2\/posts\/1531\/revisions\/1534"}],"wp:featuredmedia":[{"embeddable":true,"href":"https:\/\/radionewsmisiones.ar\/site\/wp-json\/wp\/v2\/media\/1533"}],"wp:attachment":[{"href":"https:\/\/radionewsmisiones.ar\/site\/wp-json\/wp\/v2\/media?parent=1531"}],"wp:term":[{"taxonomy":"category","embeddable":true,"href":"https:\/\/radionewsmisiones.ar\/site\/wp-json\/wp\/v2\/categories?post=1531"},{"taxonomy":"post_tag","embeddable":true,"href":"https:\/\/radionewsmisiones.ar\/site\/wp-json\/wp\/v2\/tags?post=1531"}],"curies":[{"name":"wp","href":"https:\/\/api.w.org\/{rel}","templated":true}]}}