{"id":1542,"date":"2022-09-05T23:01:17","date_gmt":"2022-09-06T02:01:17","guid":{"rendered":"https:\/\/radionewsmisiones.ar\/site\/?p=1542"},"modified":"2022-09-05T23:01:28","modified_gmt":"2022-09-06T02:01:28","slug":"viruela-del-mono-salud-confirma-que-son-170-los-casos-detectados-en-el-el-pais","status":"publish","type":"post","link":"https:\/\/radionewsmisiones.ar\/site\/nacionales\/viruela-del-mono-salud-confirma-que-son-170-los-casos-detectados-en-el-el-pais\/","title":{"rendered":"Viruela del mono: Salud confirma que son 170 los casos detectados en el el pa\u00eds"},"content":{"rendered":"\n<p>l brote se concentra en siete provincias, el 69,4% de los casos reside en CABA, 23,5% en la provincia de Buenos Aires, y 2,9% en C\u00f3rdoba.<\/p>\n\n\n\n<figure class=\"wp-block-image size-large\"><img loading=\"lazy\" width=\"1024\" height=\"576\" src=\"https:\/\/radionewsmisiones.ar\/site\/wp-content\/uploads\/2022\/09\/viruela_mono_lesiones_cutaneas-1024x576.jpg\" alt=\"\" class=\"wp-image-1543\" srcset=\"https:\/\/radionewsmisiones.ar\/site\/wp-content\/uploads\/2022\/09\/viruela_mono_lesiones_cutaneas-1024x576.jpg 1024w, https:\/\/radionewsmisiones.ar\/site\/wp-content\/uploads\/2022\/09\/viruela_mono_lesiones_cutaneas-300x169.jpg 300w, https:\/\/radionewsmisiones.ar\/site\/wp-content\/uploads\/2022\/09\/viruela_mono_lesiones_cutaneas-768x432.jpg 768w, https:\/\/radionewsmisiones.ar\/site\/wp-content\/uploads\/2022\/09\/viruela_mono_lesiones_cutaneas.jpg 1200w\" sizes=\"(max-width: 1024px) 100vw, 1024px\" \/><\/figure>\n\n\n\n<p>Siete provincias concentran los 170 casos confirmados de viruela del mono en la Argentina, seg\u00fan report\u00f3 el Ministerio de Salud en su Bolet\u00edn Epidemiol\u00f3gico.<\/p>\n\n\n\n<p>Seg\u00fan la informaci\u00f3n disponible hasta el 31 de agosto, se reportaron 118 casos en la Ciudad Aut\u00f3noma de Buenos Aires, 40 en la provincia de Buenos Aires, 5 en C\u00f3rdoba, 3 en Santa Fe, 2 en R\u00edo Negro, 1 en Mendoza, y 1 en Neuqu\u00e9n,<\/p>\n\n\n\n<p>De los 129 casos sin antecedentes de viaje se cuenta con informaci\u00f3n disponible en 92 casos confirmados, para los que existe informaci\u00f3n de antecedentes de contacto f\u00edsico con casos sospechoso\/confirmado\/sintom\u00e1tico, contacto f\u00edsico con viajero, relaciones m\u00faltiples\/ocasionales.<\/p>\n\n\n\n<p>El 99,41% de los casos confirmados corresponde a personas de sexo legal masculino y uno a femenino y g\u00e9nero mujer trans.<\/p>\n\n\n\n<p>La poblaci\u00f3n m\u00e1s afectada, hasta el momento, est\u00e1 compuesta por hombres que tienen sexo con otros hombres (90 de 170 casos),<\/p>\n\n\n\n<p>El Ministerio remarc\u00f3, de todas formas, que la viruela s\u00edmica \u00abpuede afectar a cualquier persona que entre en contacto con una persona enferma, principalmente si tiene contacto f\u00edsico directo, o con materiales contaminados\u00bb.<\/p>\n\n\n\n<p>La mayor\u00eda de los casos presentaron s\u00edntomas leves de la enfermedad: presencia de erupci\u00f3n en la piel y en varios casos pocas lesiones en genitales, perianales, manos, torso y cara. Otros de los s\u00edntomas presentes tambi\u00e9n fueron linfoadenopat\u00eda (ganglios que aumentan de tama\u00f1o), fiebre mayor a 38,5\u00b0, mialgias, cansancio, cefalea y dolor de espalda.<\/p>\n\n\n\n<p>Seg\u00fan datos aportados por la Organizaci\u00f3n Mundial de la Salud (OMS), al 24 de agosto se reportaron en el mundo un total de 42.800 casos de viruela s\u00edmica confirmados en 124 pa\u00edses, y 12 fallecidos.<\/p>\n\n\n\n<p>El pasado 23 de julio la OMS, declar\u00f3 que el brote actual de viruela constituye una Emergencia de Salud P\u00fablica de Importancia Internacional.<\/p>\n","protected":false},"excerpt":{"rendered":"<p>l brote se concentra en siete provincias, el 69,4% de los casos reside en CABA, 23,5% en la provincia de Buenos Aires, y 2,9% en C&oacute;rdoba. Siete provincias concentran los&hellip; <\/p>\n","protected":false},"author":3,"featured_media":1543,"comment_status":"closed","ping_status":"open","sticky":false,"template":"","format":"standard","meta":{"_monsterinsights_skip_tracking":false,"_monsterinsights_sitenote_active":false,"_monsterinsights_sitenote_note":"","_monsterinsights_sitenote_category":0},"categories":[4],"tags":[19],"aioseo_notices":[],"_links":{"self":[{"href":"https:\/\/radionewsmisiones.ar\/site\/wp-json\/wp\/v2\/posts\/1542"}],"collection":[{"href":"https:\/\/radionewsmisiones.ar\/site\/wp-json\/wp\/v2\/posts"}],"about":[{"href":"https:\/\/radionewsmisiones.ar\/site\/wp-json\/wp\/v2\/types\/post"}],"author":[{"embeddable":true,"href":"https:\/\/radionewsmisiones.ar\/site\/wp-json\/wp\/v2\/users\/3"}],"replies":[{"embeddable":true,"href":"https:\/\/radionewsmisiones.ar\/site\/wp-json\/wp\/v2\/comments?post=1542"}],"version-history":[{"count":1,"href":"https:\/\/radionewsmisiones.ar\/site\/wp-json\/wp\/v2\/posts\/1542\/revisions"}],"predecessor-version":[{"id":1544,"href":"https:\/\/radionewsmisiones.ar\/site\/wp-json\/wp\/v2\/posts\/1542\/revisions\/1544"}],"wp:featuredmedia":[{"embeddable":true,"href":"https:\/\/radionewsmisiones.ar\/site\/wp-json\/wp\/v2\/media\/1543"}],"wp:attachment":[{"href":"https:\/\/radionewsmisiones.ar\/site\/wp-json\/wp\/v2\/media?parent=1542"}],"wp:term":[{"taxonomy":"category","embeddable":true,"href":"https:\/\/radionewsmisiones.ar\/site\/wp-json\/wp\/v2\/categories?post=1542"},{"taxonomy":"post_tag","embeddable":true,"href":"https:\/\/radionewsmisiones.ar\/site\/wp-json\/wp\/v2\/tags?post=1542"}],"curies":[{"name":"wp","href":"https:\/\/api.w.org\/{rel}","templated":true}]}}